{"id":10754,"date":"2025-07-17T15:44:26","date_gmt":"2025-07-17T13:44:26","guid":{"rendered":"https:\/\/www.benessereviaggi.it\/blog\/?p=10754"},"modified":"2025-07-17T15:59:30","modified_gmt":"2025-07-17T13:59:30","slug":"agosto-al-fresco-dove-andare-in-italia-per-le-vacanze-estive","status":"publish","type":"post","link":"https:\/\/www.benessereviaggi.it\/blog\/agosto-al-fresco-dove-andare-in-italia-per-le-vacanze-estive\/10754\/","title":{"rendered":"Agosto al fresco: dove andare in Italia per le vacanze estive"},"content":{"rendered":"\n<p>Se stai sognando di fuggire dal caldo cittadino, magari in un posto dove la tua birra rimanga fredda per pi\u00f9 di tre minuti, abbiamo buone notizie per te! In questo articolo, ti portiamo alla scoperta delle mete pi\u00f9 fresche e spettacolari d\u2019Italia, perfette per una vacanza estiva all\u2019insegna del relax, della natura e di quel brivido che solo la montagna sa regalare.<\/p>\n\n\n\n<p>Che tu sia amante delle escursioni, dello sport ad alta quota, o semplicemente desideri leggere un libro all\u2019ombra di un abete, qui troverai la destinazione perfetta per il tuo agosto al fresco.<\/p>\n\n\n\n<p>Pronto a scoprire dove la temperatura scende e il relax si fa strada?<\/p>\n\n\n\n<p><\/p>\n\n\n\n<h2 class=\"wp-block-heading\">Le Dolomiti: un paradiso estivo per fuggire dal caldo<\/h2>\n\n\n\n<p>Che spettacolo, le <strong>Dolomiti<\/strong>! Solo il nome fa pensare a frescura, aria pulita e panorami mozzafiato. Se la tua idea di vacanza perfetta \u00e8 quella di camminare tra prati fioriti, boschi ombrosi e vette che sembrano uscite da un quadro, allora troverai qui il tuo habitat naturale. Le Dolomiti sono il rifugio perfetto per chi vuole allontanarsi dal caldo e ritrovare il piacere di respirare a pieni polmoni.<\/p>\n\n\n\n<p>Non a caso sono state dichiarate <strong>Patrimonio UNESCO<\/strong>: ogni angolo \u00e8 come una cartolina. Immagina che soddisfazione svegliarsi la mattina e ammirare fuori dalla finestra le cime illuminate dal sole, con il termometro che segna 18 gradi!<\/p>\n\n\n\n<p>Tra le attivit\u00e0 da non perdere ci sono le <strong>escursioni<\/strong>, i tour in mountain bike, le arrampicate e, ovviamente, le pause golose nei rifugi. Esatto, perch\u00e9 dopo una camminata niente batte una fetta di strudel con vista sulle montagne!<\/p>\n\n\n\n<p>Se sei tra quelli che non riescono a stare mai fermi, qui troverai sentieri per tutti i gusti, laghi cristallini e paesini dal fascino senza tempo.<\/p>\n\n\n\n<h3 class=\"wp-block-heading\">Tre Cime di Lavaredo: escursione tra le vette<\/h3>\n\n\n\n<p>Le <strong>Tre Cime di Lavaredo<\/strong> sono le regine indiscusse delle Dolomiti. Qui l\u2019aria \u00e8 frizzante e il panorama lascia a bocca aperta \u2013 non solo per la camminata in salita!<\/p>\n\n\n\n<p>L\u2019escursione classica \u00e8 il giro ad anello attorno alle cime, accessibile anche a chi non ha una particolare preparazione atletica. Qui, ti aspettano <strong>panorami pazzeschi<\/strong>, rifugi accoglienti e, se avrai fortuna, riuscirai a scorgere qualche marmotta curiosa che osserva da lontano.<\/p>\n\n\n\n<p>Ricorda di portare con te una felpa anche se viaggi in agosto, e non dimenticare la macchina fotografica: ogni angolo qui merita uno scatto.<\/p>\n\n\n\n<figure class=\"wp-block-image size-large\"><img decoding=\"async\" loading=\"lazy\" width=\"1024\" height=\"769\" src=\"https:\/\/www.benessereviaggi.it\/blog\/wp-content\/uploads\/2025\/07\/Tre-cime-di-Lavaredo-1024x769.jpg\" alt=\"\" class=\"wp-image-10757\" srcset=\"https:\/\/www.benessereviaggi.it\/blog\/wp-content\/uploads\/2025\/07\/Tre-cime-di-Lavaredo-1024x769.jpg 1024w, https:\/\/www.benessereviaggi.it\/blog\/wp-content\/uploads\/2025\/07\/Tre-cime-di-Lavaredo-600x451.jpg 600w, https:\/\/www.benessereviaggi.it\/blog\/wp-content\/uploads\/2025\/07\/Tre-cime-di-Lavaredo-768x577.jpg 768w, https:\/\/www.benessereviaggi.it\/blog\/wp-content\/uploads\/2025\/07\/Tre-cime-di-Lavaredo-1536x1153.jpg 1536w, https:\/\/www.benessereviaggi.it\/blog\/wp-content\/uploads\/2025\/07\/Tre-cime-di-Lavaredo-2048x1538.jpg 2048w\" sizes=\"(max-width: 1024px) 100vw, 1024px\" \/><\/figure>\n\n\n\n<p><\/p>\n\n\n\n<h3 class=\"wp-block-heading\">Lago di Braies: uno degli scenari pi\u00f9 rappresentativi<\/h3>\n\n\n\n<p>Puoi fare il giro del lago a piedi, noleggiare una barchetta di legno o semplicemente rilassarti sulla riva. L\u2019acqua \u00e8 gelida, ma se sei coraggioso puoi anche provare a immergere i piedi: effetto crioterapia assicurato!<\/p>\n\n\n\n<p>Il <strong>Lago di Braies<\/strong> \u00e8 uno di quei posti che sembrano usciti da una favola. Le sue acque color smeraldo, incorniciate dalle montagne, sono il sogno di ogni fotografo che si rispetti, rendendolo la tappa obbligata per chi cerca una vacanza in un posto fresco. In estate, qui si dimentica all\u2019istante il traffico e l\u2019afa cittadina.<\/p>\n\n\n\n<figure class=\"wp-block-image size-large\"><img decoding=\"async\" loading=\"lazy\" width=\"1024\" height=\"640\" src=\"https:\/\/www.benessereviaggi.it\/blog\/wp-content\/uploads\/2025\/07\/Lago-di-Braies-1024x640.jpg\" alt=\"\" class=\"wp-image-10758\" srcset=\"https:\/\/www.benessereviaggi.it\/blog\/wp-content\/uploads\/2025\/07\/Lago-di-Braies-1024x640.jpg 1024w, https:\/\/www.benessereviaggi.it\/blog\/wp-content\/uploads\/2025\/07\/Lago-di-Braies-600x375.jpg 600w, https:\/\/www.benessereviaggi.it\/blog\/wp-content\/uploads\/2025\/07\/Lago-di-Braies-768x480.jpg 768w, https:\/\/www.benessereviaggi.it\/blog\/wp-content\/uploads\/2025\/07\/Lago-di-Braies-1536x960.jpg 1536w, https:\/\/www.benessereviaggi.it\/blog\/wp-content\/uploads\/2025\/07\/Lago-di-Braies-2048x1280.jpg 2048w\" sizes=\"(max-width: 1024px) 100vw, 1024px\" \/><\/figure>\n\n\n\n<p>Braies \u00e8 perfetto per una gita in famiglia, una fuga romantica o una giornata di relax totale. E, al momento di dedicarti una pausa sfiziosa, ci sono rifugi e ristorantini dove assaggiare piatti tipici altoatesini.<\/p>\n\n\n\n<p>Apprezza la bellezza recandoti al Lago la mattina presto o al tramonto, quando la luce rende tutto ancora pi\u00f9 magico e c\u2019\u00e8 meno affollamento. \u00a0<\/p>\n\n\n\n<p><\/p>\n\n\n\n<h2 class=\"wp-block-heading\">La Thuile e Valle d\u2019Aosta: relax e natura incontaminata<\/h2>\n\n\n\n<p>Se il tuo sogno \u00e8 quello di svegliarti la mattina circondato da montagne altissime, prati verdissimi e magari qualche mucca che pascola tranquilla, allora <strong>La Thuile<\/strong>, in Valle d\u2019Aosta, \u00e8 la meta che fa per te. Qui il caldo \u00e8 solo un ricordo lontano e l\u2019aria profuma di bosco e libert\u00e0.<\/p>\n\n\n\n<p>La Thuile \u00e8 il regno degli amanti della natura e del relax. Dimentica il traffico e le code alle casse dei negozi: qui il tempo scorre lento, tra passeggiate nei boschi, picnic sulle rive dei torrenti e pomeriggi passati a leggere all\u2019ombra di un larice.<\/p>\n\n\n\n<figure class=\"wp-block-image size-large\"><img decoding=\"async\" loading=\"lazy\" width=\"1024\" height=\"681\" src=\"https:\/\/www.benessereviaggi.it\/blog\/wp-content\/uploads\/2025\/07\/La-Thuile-1024x681.jpg\" alt=\"\" class=\"wp-image-10759\" srcset=\"https:\/\/www.benessereviaggi.it\/blog\/wp-content\/uploads\/2025\/07\/La-Thuile-1024x681.jpg 1024w, https:\/\/www.benessereviaggi.it\/blog\/wp-content\/uploads\/2025\/07\/La-Thuile-600x399.jpg 600w, https:\/\/www.benessereviaggi.it\/blog\/wp-content\/uploads\/2025\/07\/La-Thuile-768x511.jpg 768w, https:\/\/www.benessereviaggi.it\/blog\/wp-content\/uploads\/2025\/07\/La-Thuile-1536x1021.jpg 1536w, https:\/\/www.benessereviaggi.it\/blog\/wp-content\/uploads\/2025\/07\/La-Thuile-2048x1362.jpg 2048w, https:\/\/www.benessereviaggi.it\/blog\/wp-content\/uploads\/2025\/07\/La-Thuile-550x367.jpg 550w\" sizes=\"(max-width: 1024px) 100vw, 1024px\" \/><\/figure>\n\n\n\n<p>In <a href=\"https:\/\/www.benessereviaggi.it\/destinazione\/valle-di-aosta-20\/\" target=\"_blank\" rel=\"noreferrer noopener\">Valle d\u2019Aosta<\/a> l\u2019estate \u00e8 tutta da vivere: castelli da visitare, borghi incantati, formaggi che si sciolgono in bocca e panorami che ti fanno dimenticare persino la connessione Wi-Fi.<\/p>\n\n\n\n<p>E se sei uno sportivo, preparati a sfidare te stesso tra sentieri, mountain bike e arrampicate. Ma anche chi preferisce il relax trover\u00e0 pane per i suoi denti.<\/p>\n\n\n\n<h3 class=\"wp-block-heading\">Escursioni e mountain bike: alla scoperta di La Thuile<\/h3>\n\n\n\n<p>La Thuile \u00e8 un vero paradiso per chi ama le <strong>escursioni<\/strong> e la <strong>mountain bike<\/strong>. Qui ogni sentiero \u00e8 una nuova avventura, tra boschi rigogliosi, laghetti alpini e viste spettacolari sul Monte Bianco. Che tu sia un camminatore della domenica o un biker allenato, troverai il percorso perfetto per te.<\/p>\n\n\n\n<p>I pi\u00f9 temerari possono cimentarsi con i trail del Bike Park, mentre chi cerca qualcosa di pi\u00f9 tranquillo pu\u00f2 optare per le passeggiate tra i prati in fiore o le escursioni guidate. Anche qui, le possibilit\u00e0 di incontrare simpatiche marmotte lungo la via sono molto elevate!<\/p>\n\n\n\n<p>Non mancano le occasioni per fermarsi nei rifugi e gustare le specialit\u00e0 locali: polenta, fontina, salumi\u2026 insomma, qui le calorie si smaltiscono subito, tra una pedalata e l\u2019altra.<\/p>\n\n\n\n<figure class=\"wp-block-image size-large\"><img decoding=\"async\" loading=\"lazy\" width=\"1024\" height=\"765\" src=\"https:\/\/www.benessereviaggi.it\/blog\/wp-content\/uploads\/2025\/07\/Mountain-bike-1024x765.jpg\" alt=\"\" class=\"wp-image-10760\" srcset=\"https:\/\/www.benessereviaggi.it\/blog\/wp-content\/uploads\/2025\/07\/Mountain-bike-1024x765.jpg 1024w, https:\/\/www.benessereviaggi.it\/blog\/wp-content\/uploads\/2025\/07\/Mountain-bike-600x448.jpg 600w, https:\/\/www.benessereviaggi.it\/blog\/wp-content\/uploads\/2025\/07\/Mountain-bike-768x574.jpg 768w, https:\/\/www.benessereviaggi.it\/blog\/wp-content\/uploads\/2025\/07\/Mountain-bike-1536x1147.jpg 1536w, https:\/\/www.benessereviaggi.it\/blog\/wp-content\/uploads\/2025\/07\/Mountain-bike-2048x1530.jpg 2048w\" sizes=\"(max-width: 1024px) 100vw, 1024px\" \/><\/figure>\n\n\n\n<p>E per i pi\u00f9 piccoli? A La Thuile ci sono parchi avventura, aree picnic e tante attivit\u00e0 pensate proprio per le famiglie. Cos\u00ec tutti possono godersi la montagna senza pensieri.<\/p>\n\n\n\n<p>Allora, cosa aspetti a infilare gli scarponi e partire alla scoperta di La Thuile?<\/p>\n\n\n\n<p><\/p>\n\n\n\n<h2 class=\"wp-block-heading\">Lombardia: una fuga al fresco vicino a Milano<\/h2>\n\n\n\n<p>Chi vive a Milano ne \u00e8 consapevole: ad agosto la citt\u00e0 si trasforma in un deserto post-apocalittico, con il calore che non demorde neanche all\u2019ombra. Ma niente paura! Basta fare pochi chilometri per ritrovarsi tra montagne, laghi e paesini della Lombardia dove il tempo sembra essersi fermato.<\/p>\n\n\n\n<p>Le montagne lombarde sono la soluzione perfetta per chi vuole una fuga rapida dal caldo cittadino senza dover attraversare mezza Italia. Qui trovi aria fresca, sentieri panoramici e, soprattutto, la possibilit\u00e0 di mettere via i sandali e rispolverare le scarpe da trekking.<\/p>\n\n\n\n<p>Che tu sia in cerca di sport, relax o semplicemente di una pausa gelato con vista sulle Alpi, la <a href=\"https:\/\/www.benessereviaggi.it\/destinazione\/lombardia-10\/\" target=\"_blank\" rel=\"noreferrer noopener\">Lombardia <\/a>ha sempre una sorpresa in serbo per te.<\/p>\n\n\n\n<p><\/p>\n\n\n\n<h3 class=\"wp-block-heading\">Montagne bergamasche e Bormio: tra sport e relax<\/h3>\n\n\n\n<p>Le <strong>montagne bergamasche<\/strong> sono una vera chicca per chi cerca natura, tranquillit\u00e0 e \u2013 perch\u00e9 no? \u2013 un po\u2019 di avventura. Qui puoi scegliere tra passeggiate nei boschi, escursioni ai rifugi e giornate di relax nei piccoli borghi di montagna, dove il tempo resta immobile.<\/p>\n\n\n\n<p>E poi c\u2019\u00e8 <strong>Bormio<\/strong>, la regina delle terme e delle vacanze rigeneranti. Qui il fresco \u00e8 garantito anche ad agosto, e dopo una giornata tra trekking e pedalate puoi concederti un tuffo nelle acque termali calde (paradossale, vero? Ma credici, dopo una giornata di montagna, \u00e8 davvero il massimo!).<\/p>\n\n\n\n<figure class=\"wp-block-image size-large\"><img decoding=\"async\" loading=\"lazy\" width=\"771\" height=\"1024\" src=\"https:\/\/www.benessereviaggi.it\/blog\/wp-content\/uploads\/2025\/07\/Bormio-771x1024.jpg\" alt=\"\" class=\"wp-image-10761\" srcset=\"https:\/\/www.benessereviaggi.it\/blog\/wp-content\/uploads\/2025\/07\/Bormio-771x1024.jpg 771w, https:\/\/www.benessereviaggi.it\/blog\/wp-content\/uploads\/2025\/07\/Bormio-452x600.jpg 452w, https:\/\/www.benessereviaggi.it\/blog\/wp-content\/uploads\/2025\/07\/Bormio-768x1020.jpg 768w, https:\/\/www.benessereviaggi.it\/blog\/wp-content\/uploads\/2025\/07\/Bormio-1157x1536.jpg 1157w, https:\/\/www.benessereviaggi.it\/blog\/wp-content\/uploads\/2025\/07\/Bormio-1543x2048.jpg 1543w, https:\/\/www.benessereviaggi.it\/blog\/wp-content\/uploads\/2025\/07\/Bormio-scaled.jpg 1928w\" sizes=\"(max-width: 771px) 100vw, 771px\" \/><\/figure>\n\n\n\n<p>Per gli sportivi, le possibilit\u00e0 sono infinite: mountain bike, arrampicata, escursioni sullo Stelvio\u2026 Qui la noia non \u00e8 di casa! E se vuoi sentirti un po\u2019 come nei film d\u2019epoca, basta passeggiare per le vie del centro storico di Bormio, tra palazzi antichi e botteghe artigiane.<\/p>\n\n\n\n<p>E per i pi\u00f9 golosi? Non perdere i pizzoccheri della Valtellina \u2013 un gustoso tipo di pasta a base di grano saraceno, la bresaola e i formaggi locali. Una vacanza qui \u00e8 una vera coccola per corpo e palato!<\/p>\n\n\n\n<p><\/p>\n\n\n\n<h2 class=\"wp-block-heading\">Trentino: la terra dei laghi e delle avventure estive<\/h2>\n\n\n\n<p>Se pensi che il Trentino sia solo sinonimo di sci e vin brul\u00e8 in inverno, sii pronto a ricrederti! D\u2019estate questa regione si trasforma in un vero paradiso con specchi d\u2019acqua cristallini, montagne verdi e un clima che ti far\u00e0 dimenticare l\u2019afa della pianura.<\/p>\n\n\n\n<p>Il Trentino \u00e8 la meta ideale per chi vuole combinare relax, sport e un pizzico di avventura. Qui i laghi sono protagonisti assoluti: dalle acque trasparenti del Lago di Molveno alle sponde vivaci di Riva del Garda, ogni giorno \u00e8 una nuova scoperta.<\/p>\n\n\n\n<p>Il Trentino \u00e8 una garanzia per il tuo benessere, e le attivit\u00e0 all\u2019aperto sono infinite: vela, windsurf, trekking, arrampicata\u2026&nbsp; per non parlare della soddisfazione di prendere il sole a 20 gradi!<\/p>\n\n\n\n<h3 class=\"wp-block-heading\">Riva del Garda e Lago di Molveno: dalle vele all\u2019abbronzatura perfetta<\/h3>\n\n\n\n<p>Partiamo da <strong>Riva del Garda<\/strong>, una vera perla tra le montagne. Qui il vento soffia sempre, rendendo il clima piacevolissimo anche ad agosto. Perfetto per chi vuole cimentarsi con la vela o il windsurf, o semplicemente rilassarsi su una delle tante spiaggette (s\u00ec, hai letto bene: spiagge di lago, ma con vista montagna!).<\/p>\n\n\n\n<p>E poi c\u2019\u00e8 il <strong>Lago di Molveno<\/strong>, spesso definito \u201cil pi\u00f9 bello d\u2019Italia\u201d (e non solo da chi ci vive!). Le sue acque blu hanno dei riflessi smeraldini che diventano pi\u00f9 chiari lungo le insenature e sulle rive. Qui puoi nuotare, fare kayak, prendere il sole o semplicemente passeggiare lungo il sentiero che circonda il lago.<\/p>\n\n\n\n<figure class=\"wp-block-image size-large\"><img decoding=\"async\" loading=\"lazy\" width=\"683\" height=\"1024\" src=\"https:\/\/www.benessereviaggi.it\/blog\/wp-content\/uploads\/2025\/07\/Lago-di-Molveno-683x1024.jpg\" alt=\"\" class=\"wp-image-10762\" srcset=\"https:\/\/www.benessereviaggi.it\/blog\/wp-content\/uploads\/2025\/07\/Lago-di-Molveno-683x1024.jpg 683w, https:\/\/www.benessereviaggi.it\/blog\/wp-content\/uploads\/2025\/07\/Lago-di-Molveno-400x600.jpg 400w, https:\/\/www.benessereviaggi.it\/blog\/wp-content\/uploads\/2025\/07\/Lago-di-Molveno-768x1152.jpg 768w, https:\/\/www.benessereviaggi.it\/blog\/wp-content\/uploads\/2025\/07\/Lago-di-Molveno-1024x1536.jpg 1024w, https:\/\/www.benessereviaggi.it\/blog\/wp-content\/uploads\/2025\/07\/Lago-di-Molveno-1365x2048.jpg 1365w, https:\/\/www.benessereviaggi.it\/blog\/wp-content\/uploads\/2025\/07\/Lago-di-Molveno-scaled.jpg 1707w\" sizes=\"(max-width: 683px) 100vw, 683px\" \/><\/figure>\n\n\n\n<p>Per i pi\u00f9 avventurosi, non mancano i percorsi di trekking che portano a punti panoramici spettacolari. E la sera? Puoi cenare in riva al lago, gustando piatti tipici trentini e magari brindando con un bicchiere di Teroldego, il tutto avvolto da una brezza leggera.<\/p>\n\n\n\n<p><\/p>\n\n\n\n<h2 class=\"wp-block-heading\">Gran Sasso e Abruzzo: un\u2019estate al fresco nel cuore d\u2019Italia<\/h2>\n\n\n\n<p>Se cerchi una meta fresca, selvaggia e ancora poco battuta dal turismo di massa, l\u2019Abruzzo e il <strong>Gran Sasso<\/strong> sono la risposta che stavi cercando. Qui la natura \u00e8 la vera protagonista: montagne imponenti, praterie infinite e paesini dove il tempo sembra essersi fermato.<\/p>\n\n\n\n<p>Nel Parco Nazionale del Gran Sasso puoi davvero respirare a pieni polmoni e goderti il fresco anche nei giorni pi\u00f9 caldi d\u2019agosto. L\u2019altitudine fa la sua parte, e spesso ti sembra di essere in una versione italiana di \u201cHeidi\u201d, tra mucche al pascolo e profumo di fieno.<\/p>\n\n\n\n<p>Le attivit\u00e0 non mancano: trekking, arrampicate, giri in bici, escursioni a cavallo\u2026 E se ami la fotografia, preparati a scattare panorami da urlo! Qui la notte il cielo \u00e8 cos\u00ec stellato che ti viene voglia di contare le stelle.<\/p>\n\n\n\n<p>E poi, vuoi mettere la soddisfazione di raccontare agli amici che sei stato in Abruzzo, \u201cquello vero\u201d, lontano dalle spiagge affollate? Una vacanza qui \u00e8 una vera chicca per chi cerca autenticit\u00e0 e tranquillit\u00e0.<\/p>\n\n\n\n<h3 class=\"wp-block-heading\">La magia del Parco Nazionale del Gran Sasso<\/h3>\n\n\n\n<p>Il <strong>Parco Nazionale del Gran Sasso e Monti della Laga<\/strong> \u00e8 una delle aree protette pi\u00f9 grandi d\u2019Italia, un vero paradiso per chi ama la montagna in tutte le sue sfumature. Qui puoi scegliere tra sentieri facili, ideali per famiglie, e percorsi pi\u00f9 impegnativi per chi vuole mettersi alla prova.<\/p>\n\n\n\n<p>Il simbolo del parco \u00e8 il <strong>Corno Grande<\/strong>, la vetta pi\u00f9 alta dell\u2019Appennino, che con i suoi 2.912 metri regala panorami mozzafiato e aria sempre frizzante. Salire fino al Rifugio Duca degli Abruzzi e guardare il panorama \u00e8 un\u2019esperienza che ti resta nel cuore.<\/p>\n\n\n\n<figure class=\"wp-block-image size-large\"><img decoding=\"async\" loading=\"lazy\" width=\"732\" height=\"1024\" src=\"https:\/\/www.benessereviaggi.it\/blog\/wp-content\/uploads\/2025\/07\/Trekking-732x1024.jpg\" alt=\"\" class=\"wp-image-10763\" srcset=\"https:\/\/www.benessereviaggi.it\/blog\/wp-content\/uploads\/2025\/07\/Trekking-732x1024.jpg 732w, https:\/\/www.benessereviaggi.it\/blog\/wp-content\/uploads\/2025\/07\/Trekking-429x600.jpg 429w, https:\/\/www.benessereviaggi.it\/blog\/wp-content\/uploads\/2025\/07\/Trekking-768x1075.jpg 768w, https:\/\/www.benessereviaggi.it\/blog\/wp-content\/uploads\/2025\/07\/Trekking-1098x1536.jpg 1098w, https:\/\/www.benessereviaggi.it\/blog\/wp-content\/uploads\/2025\/07\/Trekking-1464x2048.jpg 1464w, https:\/\/www.benessereviaggi.it\/blog\/wp-content\/uploads\/2025\/07\/Trekking-scaled.jpg 1829w\" sizes=\"(max-width: 732px) 100vw, 732px\" \/><\/figure>\n\n\n\n<p>Non mancano i borghi pittoreschi dove assaggiare arrosticini, formaggi e vini locali: Santo Stefano di Sessanio e Castel del Monte sono solo due delle perle da inserire nella lista dei luoghi da visitare.<\/p>\n\n\n\n<p>E la fauna? Se avrai fortuna, potrai avvistare aquile, camosci e persino il lupo appenninico! Un vero safari made in Italy, ma senza bisogno di passaporto.<\/p>\n\n\n\n<p><\/p>\n\n\n\n<h2 class=\"wp-block-heading\">Appennino Tosco-Emiliano: cultura, sport e gastronomia<\/h2>\n\n\n\n<p>L\u2019<strong>Appennino Tosco-Emiliano<\/strong> \u00e8 la meta perfetta per chi non sa scegliere tra natura, storia e buona tavola. Qui il caldo estivo \u00e8 solo un ricordo e l\u2019aria profuma di bosco, funghi e pane appena sfornato.<\/p>\n\n\n\n<p>Questa zona \u00e8 ideale per chi cerca una vacanza attiva ma anche per chi vuole scoprire borghi storici, castelli e sentieri antichi. In queste zone, potrai provare il piacere unico di gustare una tagliatella ai funghi porcini con il maglioncino sulle spalle, mentre in citt\u00e0 si boccheggia!<\/p>\n\n\n\n<p>L\u2019Appennino offre panorami spettacolari, boschi infiniti e una rete di sentieri che collega <a href=\"https:\/\/www.benessereviaggi.it\/destinazione\/toscana-17\/\" target=\"_blank\" rel=\"noreferrer noopener\">Toscana <\/a>ed <a href=\"https:\/\/www.benessereviaggi.it\/destinazione\/emilia-romagna-6\/\" target=\"_blank\" rel=\"noreferrer noopener\">Emilia-Romagna<\/a>. Perfetto per gli amanti del trekking, della bici e \u2013 perch\u00e9 no? \u2013 dello slow food.<\/p>\n\n\n\n<p>E se piove? Nessun problema: puoi visitare musei, castelli e \u2013 soprattutto \u2013 rifugiarti in una trattoria per assaporare i sapori autentici della cucina locale.<\/p>\n\n\n\n<p><\/p>\n\n\n\n<h3 class=\"wp-block-heading\">Tra natura e percorsi storici: la Via degli Dei e la Via Francigena<\/h3>\n\n\n\n<p>Due nomi che fanno subito venire voglia di camminare: la <strong>Via degli Dei<\/strong> e la <strong>Via Francigena<\/strong> sono i percorsi pi\u00f9 celebri dell\u2019Appennino Tosco-Emiliano. La prima collega Bologna a Firenze attraversando boschi, crinali e paesini da fiaba; la seconda \u00e8 uno degli itinerari storici pi\u00f9 famosi d\u2019Europa, percorso da pellegrini e viaggiatori da secoli.<\/p>\n\n\n\n<p>Camminare qui \u00e8 un\u2019esperienza che va oltre il semplice trekking: \u00e8 un viaggio nella storia, nella natura e nei sapori autentici dell\u2019Appennino. Puoi scegliere di percorrere solo alcune tappe o l\u2019intero itinerario, fermandoti nei borghi per scoprire tradizioni e piatti tipici.<\/p>\n\n\n\n<p>Per chi ama la bici, ci sono percorsi spettacolari immersi nei boschi, con salite e discese che mettono alla prova anche i pi\u00f9 allenati. Invece, se preferisci il relax, basta una passeggiata nei prati d\u2019alta quota per sentirsi in pace con il mondo.<\/p>\n\n\n\n<p>Insomma, l\u2019Appennino Tosco-Emiliano \u00e8 la meta perfetta per chi cerca una vacanza al fresco, tra natura, cultura e \u2013 ovviamente \u2013 buon cibo. Pronto a metterti in cammino?<br><\/p>\n\n\n\n<h2 class=\"wp-block-heading\">Alto Adige: estate in montagna tra castelli e laghi alpini<\/h2>\n\n\n\n<p>Se il tuo ideale di vacanza \u00e8 una casetta di legno con vista sulle montagne, prati fioriti e aria fresca anche ad agosto, l\u2019<strong>Alto Adige<\/strong> \u00e8 il posto che fa per te. Qui ogni dettaglio profuma di natura, tradizione e di strudel appena sfornato!<\/p>\n\n\n\n<p>L\u2019Alto Adige \u00e8 famoso per i suoi <strong>castelli<\/strong>, i laghi cristallini e i paesini che sembrano usciti da una cartolina. D\u2019estate, le temperature sono sempre piacevoli e puoi finalmente indossare il pile senza sentirti fuori luogo.<\/p>\n\n\n\n<p>Tra escursioni, giri in bici, degustazioni di vini e visite ai castelli, qui non ci si annoia mai. E poi, vuoi mettere il piacere di respirare aria pulita e ascoltare solo il rumore dei campanacci delle mucche?<\/p>\n\n\n\n<p>Se ami la fotografia o semplicemente vuoi riempire la galleria del telefono di paesaggi da sogno, l\u2019Alto Adige \u00e8 una miniera inesauribile di scorci spettacolari.<\/p>\n\n\n\n<p><\/p>\n\n\n\n<h3 class=\"wp-block-heading\">Lago di Anterselva e Sassolungo: immersione nelle bellezze naturali<\/h3>\n\n\n\n<p>Il <strong>Lago di Anterselva<\/strong> \u00e8 uno dei gioielli nascosti dell\u2019Alto Adige. Circondato da foreste e montagne, \u00e8 il luogo ideale per chi cerca pace, silenzio e \u2013 ovviamente \u2013 un po\u2019 di fresco anche ad agosto. Qui puoi passeggiare lungo il sentiero che costeggia il lago, fare picnic all\u2019ombra degli abeti o semplicemente rilassarti con un buon libro.<\/p>\n\n\n\n<figure class=\"wp-block-image size-large\"><img decoding=\"async\" loading=\"lazy\" width=\"683\" height=\"1024\" src=\"https:\/\/www.benessereviaggi.it\/blog\/wp-content\/uploads\/2025\/07\/Lago-di-Anterselva-683x1024.jpg\" alt=\"\" class=\"wp-image-10764\" srcset=\"https:\/\/www.benessereviaggi.it\/blog\/wp-content\/uploads\/2025\/07\/Lago-di-Anterselva-683x1024.jpg 683w, https:\/\/www.benessereviaggi.it\/blog\/wp-content\/uploads\/2025\/07\/Lago-di-Anterselva-400x600.jpg 400w, https:\/\/www.benessereviaggi.it\/blog\/wp-content\/uploads\/2025\/07\/Lago-di-Anterselva-768x1152.jpg 768w, https:\/\/www.benessereviaggi.it\/blog\/wp-content\/uploads\/2025\/07\/Lago-di-Anterselva-1024x1536.jpg 1024w, https:\/\/www.benessereviaggi.it\/blog\/wp-content\/uploads\/2025\/07\/Lago-di-Anterselva-1365x2048.jpg 1365w, https:\/\/www.benessereviaggi.it\/blog\/wp-content\/uploads\/2025\/07\/Lago-di-Anterselva-scaled.jpg 1707w\" sizes=\"(max-width: 683px) 100vw, 683px\" \/><\/figure>\n\n\n\n<p>Per gli amanti dell\u2019avventura, c\u2019\u00e8 il <strong>Sassolungo<\/strong>, una delle montagne pi\u00f9 iconiche della zona. Le escursioni qui sono un vero e proprio viaggio tra paesaggi lunari, prati fioriti e viste che ti lasciano senza parole (e, a volte, anche senza fiato!).<\/p>\n\n\n\n<p>Non mancano i rifugi dove assaggiare canederli, speck e altre delizie altoatesine. E se vuoi sentirti dentro una fiaba, basta camminare tra i boschi e lasciarsi avvolgere dal profumo di resina e muschio.<\/p>\n\n\n\n<p>L\u2019Alto Adige \u00e8 perfetto anche per le famiglie: tanti sentieri adatti ai bambini, parchi gioco immersi nella natura e laghi dove fare il bagno. Cosa aspetti a scoprire le meraviglie dell\u2019Alto Adige?<\/p>\n\n\n\n<p><\/p>\n\n\n\n<h2 class=\"wp-block-heading\">L\u2019estate in montagna offre una fuga ideale dal caldo<\/h2>\n\n\n\n<p>Eccoci arrivati alla fine di questo viaggio tra le mete pi\u00f9 fresche d\u2019Italia. Se sei arrivato fin qui, probabilmente stai gi\u00e0 sognando di infilare lo zaino in spalla e partire verso una di queste destinazioni.<\/p>\n\n\n\n<p><strong>L\u2019estate in montagna \u00e8 la soluzione perfetta per chi cerca aria pulita, tranquillit\u00e0 e<\/strong> \u2013 soprattutto \u2013<strong> una pausa dal caldo opprimente delle citt\u00e0.<\/strong> Che tu scelga le Dolomiti, l\u2019Abruzzo, l\u2019Alto Adige o l\u2019Appennino, una cosa \u00e8 certa: tornerai a casa con il sorriso, la pelle baciata dal sole e la voglia di ripartire subito.<\/p>\n\n\n\n<figure class=\"wp-block-image size-large\"><img decoding=\"async\" loading=\"lazy\" width=\"682\" height=\"1024\" src=\"https:\/\/www.benessereviaggi.it\/blog\/wp-content\/uploads\/2025\/07\/bagno-nel-lago-682x1024.jpg\" alt=\"\" class=\"wp-image-10765\" srcset=\"https:\/\/www.benessereviaggi.it\/blog\/wp-content\/uploads\/2025\/07\/bagno-nel-lago-682x1024.jpg 682w, https:\/\/www.benessereviaggi.it\/blog\/wp-content\/uploads\/2025\/07\/bagno-nel-lago-400x600.jpg 400w, https:\/\/www.benessereviaggi.it\/blog\/wp-content\/uploads\/2025\/07\/bagno-nel-lago-768x1153.jpg 768w, https:\/\/www.benessereviaggi.it\/blog\/wp-content\/uploads\/2025\/07\/bagno-nel-lago-1023x1536.jpg 1023w, https:\/\/www.benessereviaggi.it\/blog\/wp-content\/uploads\/2025\/07\/bagno-nel-lago-1364x2048.jpg 1364w, https:\/\/www.benessereviaggi.it\/blog\/wp-content\/uploads\/2025\/07\/bagno-nel-lago-scaled.jpg 1705w\" sizes=\"(max-width: 682px) 100vw, 682px\" \/><\/figure>\n\n\n\n<p>Allora, cosa aspetti? Prepara lo zaino, scegli la tua meta e regalati un agosto al fresco indimenticabile. La montagna e <a href=\"https:\/\/www.benessereviaggi.it\/calendario-del-benessere\/montagna-dolomiti\/\" target=\"_blank\" rel=\"noreferrer noopener\">tanti hotel con SPA e zona relax<\/a> ti aspettano\u2026 cos\u00ec il ventilatore pu\u00f2 finalmente prendersi una vacanza!<\/p>\n\n\n\n<p><\/p>\n","protected":false},"excerpt":{"rendered":"<p>Se stai sognando di fuggire dal caldo cittadino, magari in un posto dove la tua birra rimanga fredda per pi\u00f9 di tre minuti, abbiamo buone notizie per te! In questo articolo, ti portiamo alla scoperta delle mete pi\u00f9 fresche e spettacolari d\u2019Italia, perfette per una vacanza estiva all\u2019insegna del relax, della natura e di quel [&hellip;]<\/p>\n","protected":false},"author":417,"featured_media":10755,"comment_status":"open","ping_status":"open","sticky":true,"template":"","format":"standard","meta":[],"categories":[1177],"tags":[],"yoast_head":"<!-- This site is optimized with the Yoast SEO plugin v20.7 - https:\/\/yoast.com\/wordpress\/plugins\/seo\/ -->\n<title>Agosto al fresco: dove andare in Italia per le vacanze estive<\/title>\n<meta name=\"description\" content=\"Se stai sognando di fuggire dal caldo cittadino, magari in un posto dove la tua birra rimanga fredda per pi\u00f9 di tre minuti, abbiamo buone notizie per te!\" \/>\n<meta name=\"robots\" content=\"index, follow, max-snippet:-1, max-image-preview:large, max-video-preview:-1\" \/>\n<link rel=\"canonical\" href=\"https:\/\/www.benessereviaggi.it\/blog\/agosto-al-fresco-dove-andare-in-italia-per-le-vacanze-estive\/10754\/\" \/>\n<meta property=\"og:locale\" content=\"it_IT\" \/>\n<meta property=\"og:type\" content=\"article\" \/>\n<meta property=\"og:title\" content=\"Agosto al fresco: dove andare in Italia per le vacanze estive\" \/>\n<meta property=\"og:description\" content=\"Se stai sognando di fuggire dal caldo cittadino, magari in un posto dove la tua birra rimanga fredda per pi\u00f9 di tre minuti, abbiamo buone notizie per te!\" \/>\n<meta property=\"og:url\" content=\"https:\/\/www.benessereviaggi.it\/blog\/agosto-al-fresco-dove-andare-in-italia-per-le-vacanze-estive\/10754\/\" \/>\n<meta property=\"og:site_name\" content=\"BenessereViaggi Blog\" \/>\n<meta property=\"article:publisher\" content=\"https:\/\/www.facebook.com\/benessereviaggi.it\" \/>\n<meta property=\"article:published_time\" content=\"2025-07-17T13:44:26+00:00\" \/>\n<meta property=\"article:modified_time\" content=\"2025-07-17T13:59:30+00:00\" \/>\n<meta property=\"og:image\" content=\"https:\/\/www.benessereviaggi.it\/blog\/wp-content\/uploads\/2025\/07\/agosto-al-fresco-scaled.jpg\" \/>\n\t<meta property=\"og:image:width\" content=\"2560\" \/>\n\t<meta property=\"og:image:height\" content=\"1707\" \/>\n\t<meta property=\"og:image:type\" content=\"image\/jpeg\" \/>\n<meta name=\"author\" content=\"Redazione BenessereViaggi\" \/>\n<meta name=\"twitter:card\" content=\"summary_large_image\" \/>\n<meta name=\"twitter:creator\" content=\"@viaggibenessere\" \/>\n<meta name=\"twitter:site\" content=\"@viaggibenessere\" \/>\n<meta name=\"twitter:label1\" content=\"Scritto da\" \/>\n\t<meta name=\"twitter:data1\" content=\"Redazione BenessereViaggi\" \/>\n<script type=\"application\/ld+json\" class=\"yoast-schema-graph\">{\"@context\":\"https:\/\/schema.org\",\"@graph\":[{\"@type\":\"WebPage\",\"@id\":\"https:\/\/www.benessereviaggi.it\/blog\/agosto-al-fresco-dove-andare-in-italia-per-le-vacanze-estive\/10754\/\",\"url\":\"https:\/\/www.benessereviaggi.it\/blog\/agosto-al-fresco-dove-andare-in-italia-per-le-vacanze-estive\/10754\/\",\"name\":\"Agosto al fresco: dove andare in Italia per le vacanze estive\",\"isPartOf\":{\"@id\":\"https:\/\/www.benessereviaggi.it\/blog\/#website\"},\"datePublished\":\"2025-07-17T13:44:26+00:00\",\"dateModified\":\"2025-07-17T13:59:30+00:00\",\"author\":{\"@id\":\"https:\/\/www.benessereviaggi.it\/blog\/#\/schema\/person\/24b2adbecc239b5ded3713e246bb9986\"},\"description\":\"Se stai sognando di fuggire dal caldo cittadino, magari in un posto dove la tua birra rimanga fredda per pi\u00f9 di tre minuti, abbiamo buone notizie per te!\",\"breadcrumb\":{\"@id\":\"https:\/\/www.benessereviaggi.it\/blog\/agosto-al-fresco-dove-andare-in-italia-per-le-vacanze-estive\/10754\/#breadcrumb\"},\"inLanguage\":\"it-IT\",\"potentialAction\":[{\"@type\":\"ReadAction\",\"target\":[\"https:\/\/www.benessereviaggi.it\/blog\/agosto-al-fresco-dove-andare-in-italia-per-le-vacanze-estive\/10754\/\"]}]},{\"@type\":\"BreadcrumbList\",\"@id\":\"https:\/\/www.benessereviaggi.it\/blog\/agosto-al-fresco-dove-andare-in-italia-per-le-vacanze-estive\/10754\/#breadcrumb\",\"itemListElement\":[{\"@type\":\"ListItem\",\"position\":1,\"name\":\"Home\",\"item\":\"https:\/\/www.benessereviaggi.it\/blog\/\"},{\"@type\":\"ListItem\",\"position\":2,\"name\":\"Agosto al fresco: dove andare in Italia per le vacanze estive\"}]},{\"@type\":\"WebSite\",\"@id\":\"https:\/\/www.benessereviaggi.it\/blog\/#website\",\"url\":\"https:\/\/www.benessereviaggi.it\/blog\/\",\"name\":\"BenessereViaggi Blog\",\"description\":\"\",\"potentialAction\":[{\"@type\":\"SearchAction\",\"target\":{\"@type\":\"EntryPoint\",\"urlTemplate\":\"https:\/\/www.benessereviaggi.it\/blog\/?s={search_term_string}\"},\"query-input\":\"required name=search_term_string\"}],\"inLanguage\":\"it-IT\"},{\"@type\":\"Person\",\"@id\":\"https:\/\/www.benessereviaggi.it\/blog\/#\/schema\/person\/24b2adbecc239b5ded3713e246bb9986\",\"name\":\"Redazione BenessereViaggi\",\"image\":{\"@type\":\"ImageObject\",\"inLanguage\":\"it-IT\",\"@id\":\"https:\/\/www.benessereviaggi.it\/blog\/#\/schema\/person\/image\/\",\"url\":\"https:\/\/secure.gravatar.com\/avatar\/09711c8e5c94a6a498ee0e5191db6a55?s=96&d=mm&r=g\",\"contentUrl\":\"https:\/\/secure.gravatar.com\/avatar\/09711c8e5c94a6a498ee0e5191db6a55?s=96&d=mm&r=g\",\"caption\":\"Redazione BenessereViaggi\"},\"url\":\"https:\/\/www.benessereviaggi.it\/blog\/author\/redazione-benessereviaggi\/\"}]}<\/script>\n<!-- \/ Yoast SEO plugin. -->","yoast_head_json":{"title":"Agosto al fresco: dove andare in Italia per le vacanze estive","description":"Se stai sognando di fuggire dal caldo cittadino, magari in un posto dove la tua birra rimanga fredda per pi\u00f9 di tre minuti, abbiamo buone notizie per te!","robots":{"index":"index","follow":"follow","max-snippet":"max-snippet:-1","max-image-preview":"max-image-preview:large","max-video-preview":"max-video-preview:-1"},"canonical":"https:\/\/www.benessereviaggi.it\/blog\/agosto-al-fresco-dove-andare-in-italia-per-le-vacanze-estive\/10754\/","og_locale":"it_IT","og_type":"article","og_title":"Agosto al fresco: dove andare in Italia per le vacanze estive","og_description":"Se stai sognando di fuggire dal caldo cittadino, magari in un posto dove la tua birra rimanga fredda per pi\u00f9 di tre minuti, abbiamo buone notizie per te!","og_url":"https:\/\/www.benessereviaggi.it\/blog\/agosto-al-fresco-dove-andare-in-italia-per-le-vacanze-estive\/10754\/","og_site_name":"BenessereViaggi Blog","article_publisher":"https:\/\/www.facebook.com\/benessereviaggi.it","article_published_time":"2025-07-17T13:44:26+00:00","article_modified_time":"2025-07-17T13:59:30+00:00","og_image":[{"width":2560,"height":1707,"url":"https:\/\/www.benessereviaggi.it\/blog\/wp-content\/uploads\/2025\/07\/agosto-al-fresco-scaled.jpg","type":"image\/jpeg"}],"author":"Redazione BenessereViaggi","twitter_card":"summary_large_image","twitter_creator":"@viaggibenessere","twitter_site":"@viaggibenessere","twitter_misc":{"Scritto da":"Redazione BenessereViaggi"},"schema":{"@context":"https:\/\/schema.org","@graph":[{"@type":"WebPage","@id":"https:\/\/www.benessereviaggi.it\/blog\/agosto-al-fresco-dove-andare-in-italia-per-le-vacanze-estive\/10754\/","url":"https:\/\/www.benessereviaggi.it\/blog\/agosto-al-fresco-dove-andare-in-italia-per-le-vacanze-estive\/10754\/","name":"Agosto al fresco: dove andare in Italia per le vacanze estive","isPartOf":{"@id":"https:\/\/www.benessereviaggi.it\/blog\/#website"},"datePublished":"2025-07-17T13:44:26+00:00","dateModified":"2025-07-17T13:59:30+00:00","author":{"@id":"https:\/\/www.benessereviaggi.it\/blog\/#\/schema\/person\/24b2adbecc239b5ded3713e246bb9986"},"description":"Se stai sognando di fuggire dal caldo cittadino, magari in un posto dove la tua birra rimanga fredda per pi\u00f9 di tre minuti, abbiamo buone notizie per te!","breadcrumb":{"@id":"https:\/\/www.benessereviaggi.it\/blog\/agosto-al-fresco-dove-andare-in-italia-per-le-vacanze-estive\/10754\/#breadcrumb"},"inLanguage":"it-IT","potentialAction":[{"@type":"ReadAction","target":["https:\/\/www.benessereviaggi.it\/blog\/agosto-al-fresco-dove-andare-in-italia-per-le-vacanze-estive\/10754\/"]}]},{"@type":"BreadcrumbList","@id":"https:\/\/www.benessereviaggi.it\/blog\/agosto-al-fresco-dove-andare-in-italia-per-le-vacanze-estive\/10754\/#breadcrumb","itemListElement":[{"@type":"ListItem","position":1,"name":"Home","item":"https:\/\/www.benessereviaggi.it\/blog\/"},{"@type":"ListItem","position":2,"name":"Agosto al fresco: dove andare in Italia per le vacanze estive"}]},{"@type":"WebSite","@id":"https:\/\/www.benessereviaggi.it\/blog\/#website","url":"https:\/\/www.benessereviaggi.it\/blog\/","name":"BenessereViaggi Blog","description":"","potentialAction":[{"@type":"SearchAction","target":{"@type":"EntryPoint","urlTemplate":"https:\/\/www.benessereviaggi.it\/blog\/?s={search_term_string}"},"query-input":"required name=search_term_string"}],"inLanguage":"it-IT"},{"@type":"Person","@id":"https:\/\/www.benessereviaggi.it\/blog\/#\/schema\/person\/24b2adbecc239b5ded3713e246bb9986","name":"Redazione BenessereViaggi","image":{"@type":"ImageObject","inLanguage":"it-IT","@id":"https:\/\/www.benessereviaggi.it\/blog\/#\/schema\/person\/image\/","url":"https:\/\/secure.gravatar.com\/avatar\/09711c8e5c94a6a498ee0e5191db6a55?s=96&d=mm&r=g","contentUrl":"https:\/\/secure.gravatar.com\/avatar\/09711c8e5c94a6a498ee0e5191db6a55?s=96&d=mm&r=g","caption":"Redazione BenessereViaggi"},"url":"https:\/\/www.benessereviaggi.it\/blog\/author\/redazione-benessereviaggi\/"}]}},"_links":{"self":[{"href":"https:\/\/www.benessereviaggi.it\/blog\/wp-json\/wp\/v2\/posts\/10754"}],"collection":[{"href":"https:\/\/www.benessereviaggi.it\/blog\/wp-json\/wp\/v2\/posts"}],"about":[{"href":"https:\/\/www.benessereviaggi.it\/blog\/wp-json\/wp\/v2\/types\/post"}],"author":[{"embeddable":true,"href":"https:\/\/www.benessereviaggi.it\/blog\/wp-json\/wp\/v2\/users\/417"}],"replies":[{"embeddable":true,"href":"https:\/\/www.benessereviaggi.it\/blog\/wp-json\/wp\/v2\/comments?post=10754"}],"version-history":[{"count":2,"href":"https:\/\/www.benessereviaggi.it\/blog\/wp-json\/wp\/v2\/posts\/10754\/revisions"}],"predecessor-version":[{"id":10766,"href":"https:\/\/www.benessereviaggi.it\/blog\/wp-json\/wp\/v2\/posts\/10754\/revisions\/10766"}],"wp:featuredmedia":[{"embeddable":true,"href":"https:\/\/www.benessereviaggi.it\/blog\/wp-json\/wp\/v2\/media\/10755"}],"wp:attachment":[{"href":"https:\/\/www.benessereviaggi.it\/blog\/wp-json\/wp\/v2\/media?parent=10754"}],"wp:term":[{"taxonomy":"category","embeddable":true,"href":"https:\/\/www.benessereviaggi.it\/blog\/wp-json\/wp\/v2\/categories?post=10754"},{"taxonomy":"post_tag","embeddable":true,"href":"https:\/\/www.benessereviaggi.it\/blog\/wp-json\/wp\/v2\/tags?post=10754"}],"curies":[{"name":"wp","href":"https:\/\/api.w.org\/{rel}","templated":true}]}}