{"id":10963,"date":"2025-12-05T18:21:49","date_gmt":"2025-12-05T16:21:49","guid":{"rendered":"https:\/\/www.benessereviaggi.it\/blog\/?p=10963"},"modified":"2025-12-05T18:21:50","modified_gmt":"2025-12-05T16:21:50","slug":"feste-sagre-e-tradizioni-piemontesi","status":"publish","type":"post","link":"https:\/\/www.benessereviaggi.it\/blog\/feste-sagre-e-tradizioni-piemontesi\/10963\/","title":{"rendered":"Feste, sagre e tradizioni piemontesi"},"content":{"rendered":"\n<h2 class=\"wp-block-heading\">Quali sono le pi\u00f9 importanti della regione<\/h2>\n\n\n\n<p>Il Piemonte \u00e8 una regione tra le pi\u00f9 ricche di <strong>feste della tradizione, ed eventi di enorme fascino <\/strong>che si tramandano da tempo immemore. In questo articolo, la redazione di Benessere Viaggi ti racconter\u00e0 quali sono le principali e le imperdibili, ma anche quelle meno conosciute, per aiutarti a scoprire tutti i lati nascosti del folklore piemontese.<\/p>\n\n\n\n<h3 class=\"wp-block-heading\"><strong>Fiera del peperone di Carmagnola<\/strong><\/h3>\n\n\n\n<p>Si svolge a settembre, e attira visitatori da tutta Italia e dall\u2019estero. L\u2019iniziativa che celebra il peperone di Carmagnola, eccellenza tipica della zona, anima le strade del centro storico, che per dieci giorni si riempiono di bancarelle colorate e offrono una variet\u00e0 di prodottia base dell\u2019ortaggio protagonista.&nbsp;<\/p>\n\n\n\n<figure class=\"wp-block-image size-large\"><img decoding=\"async\" src=\"https:\/\/www.benessereviaggi.it\/blog\/wp-content\/uploads\/2025\/12\/Peperone-768x1024.jpg\" alt=\"\" class=\"wp-image-10969\"\/><\/figure>\n\n\n\n<p>In programma anche spettacoli, concerti, dimostrazioni culinarie, concorsi e conferenze per promuovere la conoscenzae l\u2019importanza di preservare le<strong> variet\u00e0 locali di peperone<\/strong>.&nbsp;Durante la celebrazione del \u201cPeperone Day\u201d, \u00e8 usanza preparare una maxi-peperonata per sfamare oltre mille persone.<\/p>\n\n\n\n<h3 class=\"wp-block-heading\"><strong>Il Palio di Asti, il Festival delle Sagre e la Douja D\u2019or<\/strong><\/h3>\n\n\n\n<p>Nella citt\u00e0 di Asti, a settembre, in calendario ci sono ben tre eventi di elevata importanza.<\/p>\n\n\n\n<p>Stiamo parlando del Palio di Asti, conosciuto anticamente anche come Palio Astese, una festa della tradizione che risale all\u2019epoca medievale e che si tramanda dal XIII secolo. Il Palio culmina con la corsa di cavalli montati senza sella, nella piazza centrale.<\/p>\n\n\n\n<p>Segue il <strong>Festival delle sagre astigiane<\/strong>, che prevede l\u2019allestimento di un \u201cvillaggio enogastronomico\u201d nel centro di Asti, e di una moltitudine di casette dove le varie Pro Loco propongono men\u00f9 prelibati. In programma, la sfilata della tradizione contadina.<\/p>\n\n\n\n<p>Per concludere, la Douja d\u2019Or, l\u2019evento di riferimento per la cultura del vino italiano. <strong>Innovazione, ospitalit\u00e0 e sostenibilit\u00e0<\/strong> si incontrano nel \u201cSalotto del Vino\u201d, in Piazza San Secondo: ti aspettano degustazioni, showcooking, masterclass, eventi diffusi e collaterali, ospiti internazionali, ma anche incontri e spettacoli.<\/p>\n\n\n\n<h3 class=\"wp-block-heading\"><strong>Fera dla Madona (Vicoforte)<\/strong><\/h3>\n\n\n\n<p>La Fera dla Madona di Vicoforte, una delle fiere pi\u00f9 grandi e radicate del Piemonte, anima ogni settembre il territorio ai piedi della Basilica della Regina Montis Regalis. In occasione della Nativit\u00e0 di Maria, bancarelle di ogni tipo, esposizioni di animali, spettacoli itineranti e mostre di macchine agricole trasformano l\u2019area in un vivace punto di incontro, mentre l\u20198 settembre la tradizionale processione da Mondov\u00ec segna l\u2019avvio ufficiale dei festeggiamenti.<\/p>\n\n\n\n<p>Il calendario rimane immutato nel tempo: l\u20198 si celebra la festa religiosa, il 9 prende vita la fiera vera e propria e il 10 si conclude con la storica \u201c<strong>ferota<\/strong>\u201d, spesso affiancata da giornate collaterali. La spontaneit\u00e0 degli ambulanti e la variet\u00e0 dell\u2019offerta rendono l\u2019evento un appuntamento imperdibile per migliaia di visitatori.<\/p>\n\n\n\n<p>La manifestazione affonda le sue radici nel XVI secolo, quando il luogo divenne meta di pellegrinaggi dopo il prodigioso episodio legato a un pilone votivo dedicato alla Madonna. Da allora, attorno al santuario voluto da Carlo Emanuele I di Savoia nel 1596, la fiera \u00e8 cresciuta fino a diventare uno degli eventi popolari pi\u00f9 partecipati del Nord-Ovest, capace di richiamare fino a un milione di persone.<\/p>\n\n\n\n<h3 class=\"wp-block-heading\"><strong>Fiera Internazionale del Tartufo Bianco di Alba<\/strong><\/h3>\n\n\n\n<p>La Fiera Internazionale del <strong>Tartufo Bianco d\u2019Alba<\/strong>, in programma tra ottobre e dicembre, celebra il prestigioso tartufo bianco con un ricco calendario di appuntamenti che richiama visitatori da tutto il mondo. Oltre al mercato dedicato ai migliori tuberi certificati da una commissione di esperti, l\u2019evento propone degustazioni, showcooking, incontri con chef e attivit\u00e0 pensate per valorizzare le eccellenze enogastronomiche di Langhe e Monferrato.<\/p>\n\n\n\n<figure class=\"wp-block-image size-large\"><img decoding=\"async\" loading=\"lazy\" width=\"1024\" height=\"683\" src=\"https:\/\/www.benessereviaggi.it\/blog\/wp-content\/uploads\/2025\/12\/Tartufo-1024x683.jpg\" alt=\"\" class=\"wp-image-10971\" srcset=\"https:\/\/www.benessereviaggi.it\/blog\/wp-content\/uploads\/2025\/12\/Tartufo-1024x683.jpg 1024w, https:\/\/www.benessereviaggi.it\/blog\/wp-content\/uploads\/2025\/12\/Tartufo-600x400.jpg 600w, https:\/\/www.benessereviaggi.it\/blog\/wp-content\/uploads\/2025\/12\/Tartufo-768x512.jpg 768w, https:\/\/www.benessereviaggi.it\/blog\/wp-content\/uploads\/2025\/12\/Tartufo-1536x1024.jpg 1536w, https:\/\/www.benessereviaggi.it\/blog\/wp-content\/uploads\/2025\/12\/Tartufo-2048x1365.jpg 2048w, https:\/\/www.benessereviaggi.it\/blog\/wp-content\/uploads\/2025\/12\/Tartufo-550x367.jpg 550w\" sizes=\"(max-width: 1024px) 100vw, 1024px\" \/><\/figure>\n\n\n\n<p>Nata alla fine degli anni Venti, quando Giacomo Morra lanci\u00f2 la prima esposizione dedicata al tartufo durante la<strong> Fiera Vendemmiale del 1928<\/strong>, la manifestazione si \u00e8 trasformata negli anni in un grande contenitore culturale. Accanto ai prodotti tipici trovano spazio mostre d\u2019arte, spettacoli teatrali, concerti, rievocazioni storiche come l\u2019investitura del Podest\u00e0, il Palio degli Asini e il Baccanale del Tartufo, oltre a eventi per famiglie e percorsi sensoriali dedicati al vino.<\/p>\n\n\n\n<p>Oggi la fiera rappresenta uno degli appuntamenti pi\u00f9 attesi per la citt\u00e0 di Alba e una vetrina internazionale per il territorio. Il suo programma, che si rinnova ogni anno, spazia da incontri gastronomici di alto livello a momenti di folklore locale, offrendo un\u2019esperienza completa che va ben oltre la semplice celebrazione del tartufo.<\/p>\n\n\n\n<h3 class=\"wp-block-heading\"><strong>Fiera del Marrone a Cuneo<\/strong><\/h3>\n\n\n\n<p>La Fiera Nazionale del <strong>Marrone di Cuneo<\/strong> \u00e8 l\u2019evento di riferimento dedicato alla valorizzazione del marrone e delle tradizioni agricole locali, capace di richiamare ogni anno oltre centomila visitatori. Nata nel 1936 e riconosciuta come fiera nazionale dal 2009, la manifestazione torna ogni ottobre come una delle rassegne enogastronomiche pi\u00f9 importanti d\u2019Italia, offrendo un ricco percorso tra sapori, prodotti tipici e cultura alpina.<\/p>\n\n\n\n<p>Accanto alla celebrazione del cosiddetto \u201cDivo d\u2019Autunno\u201d, la fiera propone un\u2019ampia vetrina delle eccellenze del territorio, sostenuta anche dal riconoscimento di Cuneo come \u201cCitt\u00e0 Alpina 2024\u201d. Le vie del centro ospitano espositori italiani e internazionali, showcooking, laboratori culinari e incontri dedicati alla castanicoltura e all\u2019intero comparto agroalimentare che ruota attorno al marrone, senza dimenticare artigianato d\u2019eccellenza, iniziative per famiglie e momenti di divulgazione scientifica.<\/p>\n\n\n\n<figure class=\"wp-block-image size-large\"><img decoding=\"async\" loading=\"lazy\" width=\"1024\" height=\"768\" src=\"https:\/\/www.benessereviaggi.it\/blog\/wp-content\/uploads\/2025\/12\/Marroni-1024x768.jpg\" alt=\"\" class=\"wp-image-10972\" srcset=\"https:\/\/www.benessereviaggi.it\/blog\/wp-content\/uploads\/2025\/12\/Marroni-1024x768.jpg 1024w, https:\/\/www.benessereviaggi.it\/blog\/wp-content\/uploads\/2025\/12\/Marroni-600x450.jpg 600w, https:\/\/www.benessereviaggi.it\/blog\/wp-content\/uploads\/2025\/12\/Marroni-768x576.jpg 768w, https:\/\/www.benessereviaggi.it\/blog\/wp-content\/uploads\/2025\/12\/Marroni-1536x1152.jpg 1536w, https:\/\/www.benessereviaggi.it\/blog\/wp-content\/uploads\/2025\/12\/Marroni-2048x1536.jpg 2048w\" sizes=\"(max-width: 1024px) 100vw, 1024px\" \/><\/figure>\n\n\n\n<p>Ogni anno, ad ottobre, la Fiera Nazionale del Marrone animer\u00e0 nuovamente il cuore di Cuneo con eventi culturali, mostre, visite guidate e proposte turistiche che accompagneranno i tre giorni di festa, rendendo la citt\u00e0 un punto di riferimento per chi desidera scoprire sapori, tradizioni e paesaggi del territorio alpino.<\/p>\n\n\n\n<h3 class=\"wp-block-heading\"><strong>La Fiera della Cisr\u00e0 di Dogliani<\/strong><\/h3>\n\n\n\n<p>La Fiera della Cisr\u00e0 di Dogliani, che si svolge ogni anno il 2 novembre durante la tradizionale Fiera dei Santi, \u00e8 uno degli appuntamenti gastronomici pi\u00f9 sentiti delle Langhe. Il protagonista assoluto \u00e8 la Cisr\u00e0, una ricca zuppa tipica preparata con il pregiato <em>Cece di Nucetto<\/em>, legume coltivato nel territorio locale e ingrediente fondamentale della ricetta pi\u00f9 conosciuta, quella doglianese. L\u2019evento richiama migliaia di visitatori, attratti dall\u2019atmosfera autunnale e dall\u2019opportunit\u00e0 di gustare un piatto che affonda le sue radici nella storia del paese.<\/p>\n\n\n\n<p>Secondo la tradizione, gi\u00e0 dal Seicento i membri della Confraternita dei Battuti offrivano questa<strong> zuppa calda ai pellegrini<\/strong> che raggiungevano la fiera dopo lunghi cammini per partecipare alle funzioni religiose e all\u2019ultimo mercato prima dell\u2019inverno. La distribuzione continua ancora oggi con grande partecipazione: ogni anno vengono servite migliaia di porzioni, per un totale che supera i dieci quintali di minestra.<\/p>\n\n\n\n<p>Partecipare alla Fiera della Cisr\u00e0 significa non solo assaggiare una specialit\u00e0 tipica delle Langhe, ma anche vivere da vicino le tradizioni enogastronomiche e culturali di Dogliani, in un clima autentico e profondamente legato alla storia locale.<\/p>\n\n\n\n<h3 class=\"wp-block-heading\"><strong>Fiera del Bue Grasso di Carr\u00f9<\/strong><\/h3>\n\n\n\n<p>La Fiera del Bue Grasso di Carr\u00f9, in programma ogni dicembre, \u00e8 uno degli appuntamenti zootecnici pi\u00f9 antichi e prestigiosi del Piemonte. Nata ufficialmente nel 1910 per rispondere alla scarsit\u00e0 di capi da macello e all\u2019aumento del prezzo della carne, la manifestazione celebra ancora oggi l\u2019eccellenza dell\u2019allevamento locale, con una premiazione pubblica che assegna agli allevatori le tradizionali gualdrappe e fasce. Accanto alla mostra zootecnica si svolgono un mercato settimanale ampliato e un\u2019esposizione di macchinari e attrezzature agricole.<\/p>\n\n\n\n<p>Le radici della fiera sono per\u00f2 molto pi\u00f9 lontane: documenti del Quattrocento attestano la presenza di mercati bovini bisettimanali, mentre un decreto del 1635 del duca Vittorio Amedeo I autorizz\u00f2 ufficialmente una fiera annuale dopo la festa di San Carlo. Oggi la giornata clou \u00e8 la premiazione delle ore 11, momento particolarmente atteso dal pubblico.<\/p>\n\n\n\n<p>Durante l\u2019evento, in Piazza Divisione Alpina Cuneense, il Palafiera ospita anche la tradizionale festa del \u201cbollito no stop\u201d organizzata dalla Pro Loco, che richiama numerosi visitatori desiderosi di assaporare uno dei piatti simbolo della tradizione piemontese. La fiera, tra storia, gastronomia e agricoltura, continua cos\u00ec a rappresentare un appuntamento imperdibile per il territorio.<\/p>\n\n\n\n<p>A Dogliani Castello, il <strong>Presepe Vivente<\/strong> trasforma il borgo medievale nelle serate del 23 e 24 dicembre in un suggestivo scenario natalizio: oltre 350 figuranti in costume animano vicoli e piazzette, ricreando ambientazioni e mestieri d\u2019un tempo. Grazie alla cura dei dettagli e al forte coinvolgimento della comunit\u00e0, \u00e8 considerato uno dei presepi viventi pi\u00f9 importanti d\u2019Italia.<\/p>\n\n\n\n<figure class=\"wp-block-image size-large\"><img decoding=\"async\" loading=\"lazy\" width=\"1024\" height=\"608\" src=\"https:\/\/www.benessereviaggi.it\/blog\/wp-content\/uploads\/2025\/12\/Presepe-vivente-1024x608.jpg\" alt=\"\" class=\"wp-image-10973\" srcset=\"https:\/\/www.benessereviaggi.it\/blog\/wp-content\/uploads\/2025\/12\/Presepe-vivente-1024x608.jpg 1024w, https:\/\/www.benessereviaggi.it\/blog\/wp-content\/uploads\/2025\/12\/Presepe-vivente-600x356.jpg 600w, https:\/\/www.benessereviaggi.it\/blog\/wp-content\/uploads\/2025\/12\/Presepe-vivente-768x456.jpg 768w, https:\/\/www.benessereviaggi.it\/blog\/wp-content\/uploads\/2025\/12\/Presepe-vivente-1536x912.jpg 1536w, https:\/\/www.benessereviaggi.it\/blog\/wp-content\/uploads\/2025\/12\/Presepe-vivente-2048x1215.jpg 2048w\" sizes=\"(max-width: 1024px) 100vw, 1024px\" \/><\/figure>\n\n\n\n<p>Nel vicino comune di Farigliano, dicembre \u00e8 invece il mese della <strong>Fiera dei Puciu<\/strong>, la sagra dedicata alla nespola locale. L\u2019evento, legato alla festa patronale di San Nicolao, propone un ricco mercatone, la rassegna \u201cColori e Sapori di Langa\u201d, degustazioni di prodotti tipici e la tradizionale distribuzione del minestrone di trippa e ceci, piatto immancabile della manifestazione.<\/p>\n\n\n\n<p>Chiude il calendario invernale la <strong>Fiera Fredda di Borgo San Dalmazzo<\/strong>, che ogni 5 dicembre celebra una storia lunga oltre quattro secoli e rende la citt\u00e0 capitale gastronomica della lumaca. La manifestazione, arricchita da convegni, incontri ed eventi collaterali, anima il paese per un\u2019intera settimana, attirando visitatori e appassionati della cucina tradizionale.<\/p>\n\n\n\n<h3 class=\"wp-block-heading\"><strong>La Fiera del Cappone di Morozzo<\/strong><\/h3>\n\n\n\n<p>La fiera del Cappone risale agli <strong>inizi del Novecento ed<\/strong> \u00e8 celebre per l\u2019<strong>esposizione degli animali<\/strong>, affiancata dai concorsi d\u2019arte, dai <strong>mercati <\/strong>e dalle <strong>degustazioni<\/strong> che valorizzano ilcappone, citato nei versi del Manzoni.<\/p>\n\n\n\n<p>L\u2019iniziativa, che si tiene ogni anno nei fine settimana di met\u00e0 dicembre, ha acquisito sempre pi\u00f9 importanza nel corso degli anni, anche grazie ai numerosi <strong>momenti culturali <\/strong>volti a valorizzare e celebrare le tradizioni e il patrimonio culturale.<\/p>\n\n\n\n<p>Il Cappone di Morozzo rappresenta qualit\u00e0, sostenibilit\u00e0 e tradizione, nel rispetto dei ritmi naturali e del benessere animale. Questo alimento, conosciuto ed apprezzato per le carni tenere e saporite, \u00e8 diventato un simbolo della tradizione culinaria piemontese e italiana, tanto da essere stato nominato, nel 1999, il <strong>primo Presidio Slow Food<\/strong> a livello nazionale.<\/p>\n\n\n\n<h3 class=\"wp-block-heading\"><strong>La storica fagiolata di San Defendente a Castiglione d\u2019Asti<\/strong><\/h3>\n\n\n\n<p>Ogni anno il 2 gennaio, in occasione della festa di San Defendente, la frazione di Castiglione, vicina ad Asti, celebra la prima festa dell\u2019anno con la storica fagiolata, iniziativa che prevede \u2013 dopo la celebrazione della messa e il corteo &#8211; la distribuzione gratuita a tutti i partecipanti della zuppa di legumi. Questa tradizione popolare <strong>si tramanda dal 1200<\/strong>, quando i legumi venivano distribuiti per sfamare i pi\u00f9 poveri.<\/p>\n\n\n\n<p>La preparazione della fagiolata segue ancora oggi il rito antico: all\u2019alba del 2 gennaio si accendono i fuochi sotto le grandi <em>caudere<\/em> di rame, iniziando la lenta cottura dei ceci \u2014 che richiedono pi\u00f9 tempo \u2014 seguiti dai fagioli. Nelle ore precedenti vengono aggiunti i legumi, gi\u00e0 raddoppiati di peso dopo l\u2019ammollo, insieme a un ricco condimento fatto di cotenne, piedini, code e costine di maiale. La tradizione prevede quantit\u00e0 imponenti: nel 2012, ad esempio, furono utilizzati oltre 700 kg di legumi, che divennero circa 1.400 dopo l\u2019ammollo. Mentre la zuppa cuoce, i volontari preparano anche i dolci tipici, <em>tir\u00e0<\/em> e <em>caritin<\/em>, venduti o messi all\u2019asta durante la festa.<\/p>\n\n\n\n<figure class=\"wp-block-image size-large\"><img decoding=\"async\" loading=\"lazy\" width=\"1024\" height=\"683\" src=\"https:\/\/www.benessereviaggi.it\/blog\/wp-content\/uploads\/2025\/12\/Fagioli-1024x683.jpg\" alt=\"\" class=\"wp-image-10974\" srcset=\"https:\/\/www.benessereviaggi.it\/blog\/wp-content\/uploads\/2025\/12\/Fagioli-1024x683.jpg 1024w, https:\/\/www.benessereviaggi.it\/blog\/wp-content\/uploads\/2025\/12\/Fagioli-600x400.jpg 600w, https:\/\/www.benessereviaggi.it\/blog\/wp-content\/uploads\/2025\/12\/Fagioli-768x512.jpg 768w, https:\/\/www.benessereviaggi.it\/blog\/wp-content\/uploads\/2025\/12\/Fagioli-1536x1024.jpg 1536w, https:\/\/www.benessereviaggi.it\/blog\/wp-content\/uploads\/2025\/12\/Fagioli-2048x1365.jpg 2048w, https:\/\/www.benessereviaggi.it\/blog\/wp-content\/uploads\/2025\/12\/Fagioli-550x367.jpg 550w\" sizes=\"(max-width: 1024px) 100vw, 1024px\" \/><\/figure>\n\n\n\n<p>La mattinata avanza tra profumi e fumo che si alza dai paioli, mentre la folla si raduna intorno ai punti di cottura. Alle 10.30 viene celebrata la Messa, seguita dal Corteo Storico con figuranti medievali, la compagnia dei Bat\u00ec e le tradizionali <em>ligere<\/em>. Terminata la funzione, il paese si anima con musica, sfilate e curiosi che attendono la distribuzione della zuppa, che inizia puntualmente a mezzogiorno con la benedizione del sacerdote, dando il via alla tanto attesa \u201cfesta dij faseu\u201d.<\/p>\n\n\n\n<p>L\u2019aspetto pi\u00f9 profondo di questa ricorrenza resta la solidariet\u00e0: tutte le offerte raccolte vengono destinate a opere benefiche, tra cui la Mensa Sociale del Comune di Asti. La comunit\u00e0 di Castiglione continua a sostenere con entusiasmo la tradizione, partecipando alla questua di dicembre che un tempo serviva a raccogliere direttamente i legumi. Ancora oggi, dopo otto secoli, la fagiolata conserva intatto il suo valore comunitario e il suo significato di condivisione nei giorni pi\u00f9 freddi dell\u2019anno.<\/p>\n\n\n\n<h3 class=\"wp-block-heading\"><strong>Carnevale di Ivrea<\/strong><\/h3>\n\n\n\n<p>Il Carnevale Storico di Ivrea \u00e8 una celebrazione unica che affonda le sue radici nella leggenda della rivolta popolare contro un tiranno medievale, rappresentata dalla figura della Mugnaia, simbolo di libert\u00e0 e coraggio. Al centro della festa si svolge la celebre <strong>Battaglia delle Arance<\/strong>, un confronto spettacolare tra le nove squadre di aranceri a piedi e i carri da getto trainati da cavalli, che evocano simbolicamente l\u2019antica ribellione. Le arance, oggi protagoniste della \u201clotta\u201d, sostituiscono idealmente le pietre utilizzate nella rivolta e, pur dando vita a momenti intensi e scenografici, non decretano n\u00e9 vincitori n\u00e9 vinti, poich\u00e9 la festa rimane un rito collettivo e profondamente identitario.<\/p>\n\n\n\n<figure class=\"wp-block-image size-large\"><img decoding=\"async\" loading=\"lazy\" width=\"683\" height=\"1024\" src=\"https:\/\/www.benessereviaggi.it\/blog\/wp-content\/uploads\/2025\/12\/Carnevale-di-Ivrea-683x1024.jpg\" alt=\"\" class=\"wp-image-10965\" srcset=\"https:\/\/www.benessereviaggi.it\/blog\/wp-content\/uploads\/2025\/12\/Carnevale-di-Ivrea-683x1024.jpg 683w, https:\/\/www.benessereviaggi.it\/blog\/wp-content\/uploads\/2025\/12\/Carnevale-di-Ivrea-400x600.jpg 400w, https:\/\/www.benessereviaggi.it\/blog\/wp-content\/uploads\/2025\/12\/Carnevale-di-Ivrea-768x1152.jpg 768w, https:\/\/www.benessereviaggi.it\/blog\/wp-content\/uploads\/2025\/12\/Carnevale-di-Ivrea-1024x1536.jpg 1024w, https:\/\/www.benessereviaggi.it\/blog\/wp-content\/uploads\/2025\/12\/Carnevale-di-Ivrea-1365x2048.jpg 1365w, https:\/\/www.benessereviaggi.it\/blog\/wp-content\/uploads\/2025\/12\/Carnevale-di-Ivrea-scaled.jpg 1707w\" sizes=\"(max-width: 683px) 100vw, 683px\" \/><\/figure>\n\n\n\n<p>Accanto alla battaglia, il Carnevale coinvolge tutta la citt\u00e0 con riti e personaggi storici come la Mugnaia, il Generale, il suo Stato Maggiore, il Podest\u00e0 e gli Abb\u00e0, accompagnati da tamburi, pifferi e un corteo ricco di simboli. Durante il Gioved\u00ec Grasso e nei giorni successivi, cittadini e visitatori indossano il Berretto Frigio, segno distintivo di adesione ideale alla libert\u00e0 del popolo. Le vie di Ivrea si riempiono cos\u00ec di musica, colori e atmosfere suggestive, creando un\u2019esperienza immersiva che ogni anno attira migliaia di persone.<\/p>\n\n\n\n<p>Riconosciuto come <strong>patrimonio culturale immateriale dell\u2019umanit\u00e0 UNESCO<\/strong>, il Carnevale Storico di Ivrea \u00e8 considerato una delle manifestazioni pi\u00f9 affascinanti d\u2019Europa grazie al suo mix di storia, tradizione, spettacolo e partecipazione popolare. La Fondazione che lo custodisce continua a valorizzarne il significato profondo, mantenendo viva una tradizione che ancora oggi rappresenta un forte legame con le radici della comunit\u00e0 eporediese.<\/p>\n\n\n\n<h3 class=\"wp-block-heading\"><strong>L\u2019Antica Danza degli Spadonari di Venaus<\/strong><\/h3>\n\n\n\n<p>L\u2019Antica Danza degli Spadonari di Venaus, una delle tradizioni pi\u00f9 longeve della Valle di Susa, si svolge ogni anno a febbraio in occasione delle festivit\u00e0 dedicate ai patroni <strong>San Biagio e Sant\u2019Agata<\/strong>. Le celebrazioni, che affondano le radici tra il V e il IV secolo, rappresentano un rito propiziatorio legato al passaggio dall\u2019inverno alla primavera e alla rinascita della natura. Gli Spadonari, riconoscibili dal caratteristico copricapo adornato di fiori, sono quattro danzatori che eseguono movimenti rituali con lunghe spade, accompagnati dalle musiche della Filarmonica Venausina.<\/p>\n\n\n\n<p>Il 3 febbraio, giorno di San Biagio, e il 5 febbraio, <strong>festa di Sant\u2019Agata<\/strong>, il cerimoniale prende avvio sin dal mattino con la partecipazione degli Spadonari alla Messa, al termine della quale si esibiscono sul sagrato della chiesa. La danza viene riproposta anche la domenica successiva, durante l\u2019Ottava, quando il programma si arricchisce con la processione per le vie del paese e con il concerto pomeridiano della Filarmonica. A questi momenti si uniscono le Savoiarde, donne in abito tradizionale che accompagnano la processione dei santi: i loro scialli ricamati, le pieghe curate e i nastri colorati testimoniano un\u2019antica tradizione artigiana tipica delle comunit\u00e0 alpine della zona.<\/p>\n\n\n\n<p>L\u2019intera festa coinvolge profondamente gli abitanti di Venaus, che ogni anno rinnovano un rito collettivo legato alla memoria, alla cultura locale e alla ciclicit\u00e0 della natura, mantenendo viva una tradizione che ancora oggi rappresenta un forte simbolo identitario per la comunit\u00e0 valsusina.<\/p>\n\n\n\n<h3 class=\"wp-block-heading\"><strong>La Ba\u00eco di Sampeyre<\/strong><\/h3>\n\n\n\n<p>La Ba\u00eco di Sampeyre \u00e8 una tradizione millenaria della <strong>Valle Varaita <\/strong>(provincia di Cuneo), che si svolge ogni cinque anni e celebra l\u2019identit\u00e0 culturale e la resistenza della comunit\u00e0 locale contro gli invasori saraceni. Le origini della festa risalgono a antiche cerimonie primaverili volte a propiziare i raccolti e a salutare il ritorno della luce dopo i mesi invernali, ma nel corso dei secoli la manifestazione si \u00e8 arricchita di nuovi simboli fino a diventare la rievocazione storica delle incursioni di predoni provenzali, liberati dalla reazione armata della popolazione locale. La Ba\u00eco rappresenta oggi un momento di libert\u00e0, unione e partecipazione collettiva, simboleggiato anche dal grido \u201cBa\u00eco\u201d lanciato dai protagonisti, che coinvolge spettatori e comunit\u00e0 in un vero e proprio inno alla libert\u00e0.<\/p>\n\n\n\n<p>La manifestazione comprende quattro gruppi principali, detti <strong>Ba\u00ece<\/strong>, provenienti dal capoluogo Piasso e dalle frazioni di Villar, Calchesio e Pore. Ogni gruppo \u00e8 formato da coppie di personaggi, alcuni dei quali sono unici per ciascuna Ba\u00eca, mentre personaggi simili possono distinguersi grazie a dettagli dei costumi. L\u2019elemento pi\u00f9 caratteristico \u00e8 costituito dai nastri di seta (bindel) che decorano abiti e copricapi, conferendo originalit\u00e0 e riconoscibilit\u00e0 ai partecipanti. Tutti i ruoli, anche quelli femminili, sono interpretati da uomini, secondo la tradizione.<\/p>\n\n\n\n<p>La Ba\u00eco si svolge nell\u2019arco di<strong> due domeniche consecutive e nel Gioved\u00ec Grasso<\/strong>, alternando sfilate, balli tradizionali accompagnati da violini e fisarmoniche e momenti di forte coinvolgimento della comunit\u00e0. Oltre a rievocare eventi storici, la festa rinnova un legame profondo con il territorio, le sue radici culturali e la coesione sociale, rendendo Sampeyre protagonista di una delle manifestazioni popolari pi\u00f9 suggestive e amate del Piemonte.<\/p>\n\n\n\n<h3 class=\"wp-block-heading\"><strong>Mercu Scurot, il carnevale di Borgosesia<\/strong><\/h3>\n\n\n\n<p>La Festa del Mercu Sc\u00fbrot di Borgosesia, celebrata ogni anno a febbraio, \u00e8 un evento unico in Europa per il suo carattere simbolico e tradizionale, radicato nella cultura locale. Il carnevale culmina il primo giorno di <strong>Quaresima<\/strong> con un corteo funebre che rappresenta il funerale del carnevale stesso: i partecipanti, elegantemente vestiti, sfilano portando un mestolo di legno, usato per sorseggiare il vino lungo il percorso, secondo un rito che unisce convivialit\u00e0 e allegoria.<\/p>\n\n\n\n<p>L\u2019origine della manifestazione risale a tradizioni popolari secolari, in cui la maschera e il teatro di strada erano strumenti per celebrare la fine del periodo carnevalesco e l\u2019inizio della Quaresima.<\/p>\n\n\n\n<figure class=\"wp-block-image size-large\"><img decoding=\"async\" loading=\"lazy\" width=\"1024\" height=\"683\" src=\"https:\/\/www.benessereviaggi.it\/blog\/wp-content\/uploads\/2025\/12\/Fuochi-dartificio-1024x683.jpg\" alt=\"\" class=\"wp-image-10976\" srcset=\"https:\/\/www.benessereviaggi.it\/blog\/wp-content\/uploads\/2025\/12\/Fuochi-dartificio-1024x683.jpg 1024w, https:\/\/www.benessereviaggi.it\/blog\/wp-content\/uploads\/2025\/12\/Fuochi-dartificio-600x400.jpg 600w, https:\/\/www.benessereviaggi.it\/blog\/wp-content\/uploads\/2025\/12\/Fuochi-dartificio-768x512.jpg 768w, https:\/\/www.benessereviaggi.it\/blog\/wp-content\/uploads\/2025\/12\/Fuochi-dartificio-1536x1024.jpg 1536w, https:\/\/www.benessereviaggi.it\/blog\/wp-content\/uploads\/2025\/12\/Fuochi-dartificio-2048x1365.jpg 2048w, https:\/\/www.benessereviaggi.it\/blog\/wp-content\/uploads\/2025\/12\/Fuochi-dartificio-550x367.jpg 550w\" sizes=\"(max-width: 1024px) 100vw, 1024px\" \/><\/figure>\n\n\n\n<p>La giornata si conclude con il Testamento del Peru Magunella, il rogo del pupazzo che simboleggia la maschera cittadina, accompagnato da fuochi d\u2019artificio e momenti teatrali che rendono la festa uno spettacolo unico, capace di combinare storia, folklore e partecipazione comunitaria.<\/p>\n\n\n\n<h3 class=\"wp-block-heading\"><strong>Sagra del Polentonissimo di Monastero Bormida<\/strong><\/h3>\n\n\n\n<p>La Sagra del Polentonissimo di Monastero Bormida, che si svolge ogni anno a marzo, celebra un episodio risalente al XVI secolo, quando alcuni calderai rimasero bloccati nella zona a causa della neve e furono soccorsi dal generoso marchese locale, che li nutr\u00ec con polenta e frittata. Per ricordare questa vicenda, la manifestazione propone una sfilata storica che parte dal castello medievale e vede la partecipazione di carri e personaggi in costume, trasportando i visitatori indietro nel tempo.<\/p>\n\n\n\n<figure class=\"wp-block-image size-large\"><img decoding=\"async\" loading=\"lazy\" width=\"1024\" height=\"683\" src=\"https:\/\/www.benessereviaggi.it\/blog\/wp-content\/uploads\/2025\/12\/Polenta-1024x683.jpg\" alt=\"\" class=\"wp-image-10977\" srcset=\"https:\/\/www.benessereviaggi.it\/blog\/wp-content\/uploads\/2025\/12\/Polenta-1024x683.jpg 1024w, https:\/\/www.benessereviaggi.it\/blog\/wp-content\/uploads\/2025\/12\/Polenta-600x400.jpg 600w, https:\/\/www.benessereviaggi.it\/blog\/wp-content\/uploads\/2025\/12\/Polenta-768x512.jpg 768w, https:\/\/www.benessereviaggi.it\/blog\/wp-content\/uploads\/2025\/12\/Polenta-1536x1024.jpg 1536w, https:\/\/www.benessereviaggi.it\/blog\/wp-content\/uploads\/2025\/12\/Polenta-2048x1365.jpg 2048w, https:\/\/www.benessereviaggi.it\/blog\/wp-content\/uploads\/2025\/12\/Polenta-550x367.jpg 550w\" sizes=\"(max-width: 1024px) 100vw, 1024px\" \/><\/figure>\n\n\n\n<p>Oltre alla parata, la sagra offre animazioni e rievocazioni di antichi mestieri, permettendo di scoprire le tradizioni artigianali della zona. Sulla piazza principale del paese viene preparata <strong>una polenta gigante <\/strong>dal peso di circa una tonnellata, arricchita con salsiccia, salame, cotechino, merluzzo e altre specialit\u00e0 locali, pronta per essere distribuita ai visitatori in un\u2019atmosfera di festa e convivialit\u00e0.<\/p>\n\n\n\n<h3 class=\"wp-block-heading\"><strong>Il Cante\u2019 J\u2019euv<\/strong><\/h3>\n\n\n\n<p>Il Cante\u2019 J\u2019euv \u00e8 una tradizione pasquale piemontese che affonda le sue radici nei secoli e viene solitamente celebrata tra il Venerd\u00ec Santo e il Luned\u00ec di Pasqua. Considerata la \u201c<strong>questua delle uova<\/strong>\u201d, questa usanza scomparsa alla fine degli anni \u201950 \u00e8 stata recuperata negli anni Settanta e continua a coinvolgere giovani e comunit\u00e0 locali. I partecipanti, guidati dal \u201cfratucin\u201d \u2013 un personaggio travestito da frate con una cesta sulla schiena \u2013 percorrono le cascine pi\u00f9 remote intonando canti sotto le finestre. Gli abitanti, colpiti dal fascino della musica e dalla forza simbolica del gesto, donano uova o altri alimenti, offrendo cos\u00ec un tributo alla tradizione e un augurio di prosperit\u00e0.<\/p>\n\n\n\n<p>La magia del Cante\u2019 J\u2019euv non risiede solo nello scambio di doni, ma anche nella capacit\u00e0 di riunire le persone e mantenere vivo il legame con le radici storiche e culturali della regione. Il suono dei canti che risuona tra le colline e i cortili crea un\u2019atmosfera unica, dove folklore, musica e simbolismo pasquale si intrecciano, celebrando la rinascita primaverile e il senso di comunit\u00e0 che caratterizza le valli piemontesi.<\/p>\n\n\n\n<h3 class=\"wp-block-heading\"><strong>La corsa della Torta di Novara&nbsp;<\/strong><\/h3>\n\n\n\n<p>La corsa della Torta di Novara, che si svolge il giorno di Pasqua, \u00e8 una rievocazione storico-popolare dalle radici antiche. La tradizione si lega a una leggenda locale secondo cui, durante un assedio straniero a Oleggio, i cittadini, protetti dalle mura della citt\u00e0, furono sfidati dai soldati avversari a una corsa che mettesse alla prova il loro coraggio e la loro velocit\u00e0.<\/p>\n\n\n\n<p>La competizione ha luogo nel prato denominato \u201cPrato della Torta\u201d e, secondo il regolamento tradizionale, possono partecipare solo i giovani celibi del paese. L\u2019evento non \u00e8 solo una gara, ma un momento di festa e di celebrazione della storia e delle usanze locali, richiamando ogni anno numerosi spettatori attratti dalla sua atmosfera unica e dalla rievocazione delle antiche vicende della comunit\u00e0.<\/p>\n\n\n\n<h3 class=\"wp-block-heading\"><strong>La processione delle macchine di Vercelli<\/strong><\/h3>\n\n\n\n<p>La processione delle Macchine di Vercelli, che si svolge ogni Venerd\u00ec Santo, rappresenta uno dei momenti pi\u00f9 sentiti di devozione e partecipazione per tutta la comunit\u00e0 cittadina. Questo affascinante rito religioso affonda le sue origini nel XVII secolo e continua a essere un simbolo di fede e tradizione profondamente radicato nella cultura locale.<\/p>\n\n\n\n<p>Le \u201cMacchine\u201d sono grandi sculture in legno che raffigurano le scene della Via Crucis e vengono custodite nelle chiese delle confraternite della citt\u00e0. Durante la processione, i membri delle confraternite le trasportano sulle spalle lungo le vie di Vercelli, accompagnati dal silenzio rispettoso dei fedeli e da suggestive musiche liturgiche, creando un\u2019atmosfera unica che unisce spiritualit\u00e0, arte e partecipazione collettiva.<\/p>\n\n\n\n<h3 class=\"wp-block-heading\"><strong>La corsa dei buoi di Asigliano Vercellese<\/strong><\/h3>\n\n\n\n<p>La corsa dei buoi di Asigliano Vercellese, che si celebra ogni maggio, affonda le sue radici in una leggenda del 1436. Secondo la tradizione, una grave peste colp\u00ec il paese causando morte e devastazione, e gli abitanti, in preda alla disperazione, si rivolsero a San Vittore promettendo che avrebbero fatto correre i buoi pi\u00f9 lenti in segno di gratitudine se la calamit\u00e0 fosse cessata. La preghiera fu esaudita, dando origine a questa festa che unisce devozione religiosa e storia.<\/p>\n\n\n\n<p>I primi documenti storici risalgono al 1658, anche se la distruzione di molte testimonianze durante le battaglie rende difficile ricostruire con precisione le origini. La festa patronale include riti tradizionali come la distribuzione del pane benedetto, il passaggio del carro trionfale e del cero, simboli sacri della devozione locale. Particolarmente suggestivo \u00e8 l\u2019incanto dei carri, che si svolge il sabato precedente la festa e rappresenta uno dei momenti pi\u00f9 attesi della celebrazione.<\/p>\n\n\n\n<h3 class=\"wp-block-heading\"><strong>Il Palio dei borghi Fossano<\/strong><\/h3>\n\n\n\n<p>Il Palio dei Borghi di Fossano, che si svolge ogni anno nel mese di giugno, trae origine dalla rievocazione storica del passaggio di Carlo Emanuele I e Caterina d\u2019Asburgo a Fossano nel 1585, durante il loro viaggio di nozze dalla Spagna a Torino. In loro onore furono organizzati solenni festeggiamenti, tra cui spettacolari giochi, cortei e fuochi pirotecnici, che oggi ispirano la sontuosa parata in costume del XVI secolo con numerosi personaggi storici accuratamente documentati.<\/p>\n\n\n\n<p>Tra le tradizioni pi\u00f9 antiche legate alla manifestazione c\u2019\u00e8 la <strong>Giostra de l\u2019Oca<\/strong>, risalente al XIV secolo, originariamente un gioco in cui i cavalieri, a cavallo, dovevano tagliare con la spada la testa di un\u2019oca posta in una cesta. Sebbene abolita nella met\u00e0 del XVIII secolo, la Giostra \u00e8 oggi rivisitata in chiave moderna e non violenta, attraverso il tiro con l\u2019arco e la corsa dei cavalli, mantenendo viva la memoria storica e l\u2019atmosfera festosa della celebrazione.<\/p>\n\n\n\n<figure class=\"wp-block-image size-large\"><img decoding=\"async\" loading=\"lazy\" width=\"1024\" height=\"684\" src=\"https:\/\/www.benessereviaggi.it\/blog\/wp-content\/uploads\/2025\/12\/Palio-1024x684.png\" alt=\"\" class=\"wp-image-10978\" srcset=\"https:\/\/www.benessereviaggi.it\/blog\/wp-content\/uploads\/2025\/12\/Palio-1024x684.png 1024w, https:\/\/www.benessereviaggi.it\/blog\/wp-content\/uploads\/2025\/12\/Palio-600x401.png 600w, https:\/\/www.benessereviaggi.it\/blog\/wp-content\/uploads\/2025\/12\/Palio-768x513.png 768w, https:\/\/www.benessereviaggi.it\/blog\/wp-content\/uploads\/2025\/12\/Palio-1536x1027.png 1536w, https:\/\/www.benessereviaggi.it\/blog\/wp-content\/uploads\/2025\/12\/Palio-2048x1369.png 2048w, https:\/\/www.benessereviaggi.it\/blog\/wp-content\/uploads\/2025\/12\/Palio-550x367.png 550w\" sizes=\"(max-width: 1024px) 100vw, 1024px\" \/><\/figure>\n\n\n\n<p>Le feste e le tradizioni del Piemonte rappresentano un patrimonio culturale unico, capace di unire storia, folklore e gastronomia in esperienze coinvolgenti per tutti. Dai carnevali suggestivi alle rievocazioni storiche, dalle sagre dedicate ai prodotti locali ai rituali religiosi, ogni evento narra la vita delle comunit\u00e0, le loro radici e i valori condivisi. Prendere parte a queste manifestazioni significa immergersi nell\u2019autenticit\u00e0 della regione, scoprire antichi mestieri, costumi e rituali, e vivere momenti di socialit\u00e0 che da secoli uniscono generazioni.<\/p>\n\n\n\n<p><\/p>\n\n\n\n<p><\/p>\n\n\n\n<p>Il Piemonte, con i suoi borghi, le valli e le piazze animate dalle feste, dimostra <strong>come la tradizione possa convivere con la contemporaneit\u00e0<\/strong>, regalando ai visitatori non solo spettacoli e sapori, ma anche una profonda connessione con la storia e l\u2019identit\u00e0 del territorio. Da ogni celebrazione emerge il senso di comunit\u00e0, il sentimento radicato per le proprie origini e la voglia di tramandare alle nuove generazioni la ricchezza del patrimonio culturale.<\/p>\n","protected":false},"excerpt":{"rendered":"<p>Quali sono le pi\u00f9 importanti della regione Il Piemonte \u00e8 una regione tra le pi\u00f9 ricche di feste della tradizione, ed eventi di enorme fascino che si tramandano da tempo immemore. In questo articolo, la redazione di Benessere Viaggi ti racconter\u00e0 quali sono le principali e le imperdibili, ma anche quelle meno conosciute, per aiutarti [&hellip;]<\/p>\n","protected":false},"author":417,"featured_media":10975,"comment_status":"open","ping_status":"open","sticky":false,"template":"","format":"standard","meta":[],"categories":[1],"tags":[],"yoast_head":"<!-- This site is optimized with the Yoast SEO plugin v20.7 - https:\/\/yoast.com\/wordpress\/plugins\/seo\/ -->\n<title>Feste, sagre e tradizioni piemontesi Feste piemontesi<\/title>\n<meta name=\"description\" content=\"Quali sono le pi\u00f9 importanti della regione Il Piemonte \u00e8 una regione tra le pi\u00f9 ricche di feste della tradizione, ed eventi di enorme fascino che si Il Piemonte \u00e8 una regione tra le pi\u00f9 ricche di feste della tradizione, ed eventi di enorme fascino. In questo articolo, ti raccontiamo quali sono le principali e le imperdibili, ma anche quelle meno conosciute, per aiutarti a scoprire tutti i lati nascosti del folklore piemontese.\" \/>\n<meta name=\"robots\" content=\"index, follow, max-snippet:-1, max-image-preview:large, max-video-preview:-1\" \/>\n<link rel=\"canonical\" href=\"https:\/\/www.benessereviaggi.it\/blog\/feste-sagre-e-tradizioni-piemontesi\/10963\/\" \/>\n<meta property=\"og:locale\" content=\"it_IT\" \/>\n<meta property=\"og:type\" content=\"article\" \/>\n<meta property=\"og:title\" content=\"Feste piemontesi\" \/>\n<meta property=\"og:description\" content=\"Il Piemonte \u00e8 una regione tra le pi\u00f9 ricche di feste della tradizione, ed eventi di enorme fascino. In questo articolo, ti raccontiamo quali sono le principali e le imperdibili, ma anche quelle meno conosciute, per aiutarti a scoprire tutti i lati nascosti del folklore piemontese.\" \/>\n<meta property=\"og:url\" content=\"https:\/\/www.benessereviaggi.it\/blog\/feste-sagre-e-tradizioni-piemontesi\/10963\/\" \/>\n<meta property=\"og:site_name\" content=\"BenessereViaggi Blog\" \/>\n<meta property=\"article:publisher\" content=\"https:\/\/www.facebook.com\/benessereviaggi.it\" \/>\n<meta property=\"article:published_time\" content=\"2025-12-05T16:21:49+00:00\" \/>\n<meta property=\"article:modified_time\" content=\"2025-12-05T16:21:50+00:00\" \/>\n<meta property=\"og:image\" content=\"https:\/\/www.benessereviaggi.it\/blog\/wp-content\/uploads\/2025\/12\/samuele-giglio-w5-xrQ7ZjdY-unsplash-scaled.jpg\" \/>\n\t<meta property=\"og:image:width\" content=\"2560\" \/>\n\t<meta property=\"og:image:height\" content=\"2048\" \/>\n\t<meta property=\"og:image:type\" content=\"image\/jpeg\" \/>\n<meta name=\"author\" content=\"Redazione BenessereViaggi\" \/>\n<meta name=\"twitter:card\" content=\"summary_large_image\" \/>\n<meta name=\"twitter:creator\" content=\"@viaggibenessere\" \/>\n<meta name=\"twitter:site\" content=\"@viaggibenessere\" \/>\n<meta name=\"twitter:label1\" content=\"Scritto da\" \/>\n\t<meta name=\"twitter:data1\" content=\"Redazione BenessereViaggi\" \/>\n\t<meta name=\"twitter:label2\" content=\"Tempo di lettura stimato\" \/>\n\t<meta name=\"twitter:data2\" content=\"23 minuti\" \/>\n<script type=\"application\/ld+json\" class=\"yoast-schema-graph\">{\"@context\":\"https:\/\/schema.org\",\"@graph\":[{\"@type\":\"WebPage\",\"@id\":\"https:\/\/www.benessereviaggi.it\/blog\/feste-sagre-e-tradizioni-piemontesi\/10963\/\",\"url\":\"https:\/\/www.benessereviaggi.it\/blog\/feste-sagre-e-tradizioni-piemontesi\/10963\/\",\"name\":\"Feste, sagre e tradizioni piemontesi Feste piemontesi\",\"isPartOf\":{\"@id\":\"https:\/\/www.benessereviaggi.it\/blog\/#website\"},\"datePublished\":\"2025-12-05T16:21:49+00:00\",\"dateModified\":\"2025-12-05T16:21:50+00:00\",\"author\":{\"@id\":\"https:\/\/www.benessereviaggi.it\/blog\/#\/schema\/person\/24b2adbecc239b5ded3713e246bb9986\"},\"description\":\"Quali sono le pi\u00f9 importanti della regione Il Piemonte \u00e8 una regione tra le pi\u00f9 ricche di feste della tradizione, ed eventi di enorme fascino che si Il Piemonte \u00e8 una regione tra le pi\u00f9 ricche di feste della tradizione, ed eventi di enorme fascino. In questo articolo, ti raccontiamo quali sono le principali e le imperdibili, ma anche quelle meno conosciute, per aiutarti a scoprire tutti i lati nascosti del folklore piemontese.\",\"breadcrumb\":{\"@id\":\"https:\/\/www.benessereviaggi.it\/blog\/feste-sagre-e-tradizioni-piemontesi\/10963\/#breadcrumb\"},\"inLanguage\":\"it-IT\",\"potentialAction\":[{\"@type\":\"ReadAction\",\"target\":[\"https:\/\/www.benessereviaggi.it\/blog\/feste-sagre-e-tradizioni-piemontesi\/10963\/\"]}]},{\"@type\":\"BreadcrumbList\",\"@id\":\"https:\/\/www.benessereviaggi.it\/blog\/feste-sagre-e-tradizioni-piemontesi\/10963\/#breadcrumb\",\"itemListElement\":[{\"@type\":\"ListItem\",\"position\":1,\"name\":\"Home\",\"item\":\"https:\/\/www.benessereviaggi.it\/blog\/\"},{\"@type\":\"ListItem\",\"position\":2,\"name\":\"Feste, sagre e tradizioni piemontesi\"}]},{\"@type\":\"WebSite\",\"@id\":\"https:\/\/www.benessereviaggi.it\/blog\/#website\",\"url\":\"https:\/\/www.benessereviaggi.it\/blog\/\",\"name\":\"BenessereViaggi Blog\",\"description\":\"\",\"potentialAction\":[{\"@type\":\"SearchAction\",\"target\":{\"@type\":\"EntryPoint\",\"urlTemplate\":\"https:\/\/www.benessereviaggi.it\/blog\/?s={search_term_string}\"},\"query-input\":\"required name=search_term_string\"}],\"inLanguage\":\"it-IT\"},{\"@type\":\"Person\",\"@id\":\"https:\/\/www.benessereviaggi.it\/blog\/#\/schema\/person\/24b2adbecc239b5ded3713e246bb9986\",\"name\":\"Redazione BenessereViaggi\",\"image\":{\"@type\":\"ImageObject\",\"inLanguage\":\"it-IT\",\"@id\":\"https:\/\/www.benessereviaggi.it\/blog\/#\/schema\/person\/image\/\",\"url\":\"https:\/\/secure.gravatar.com\/avatar\/09711c8e5c94a6a498ee0e5191db6a55?s=96&d=mm&r=g\",\"contentUrl\":\"https:\/\/secure.gravatar.com\/avatar\/09711c8e5c94a6a498ee0e5191db6a55?s=96&d=mm&r=g\",\"caption\":\"Redazione BenessereViaggi\"},\"url\":\"https:\/\/www.benessereviaggi.it\/blog\/author\/redazione-benessereviaggi\/\"}]}<\/script>\n<!-- \/ Yoast SEO plugin. -->","yoast_head_json":{"title":"Feste, sagre e tradizioni piemontesi Feste piemontesi","description":"Quali sono le pi\u00f9 importanti della regione Il Piemonte \u00e8 una regione tra le pi\u00f9 ricche di feste della tradizione, ed eventi di enorme fascino che si Il Piemonte \u00e8 una regione tra le pi\u00f9 ricche di feste della tradizione, ed eventi di enorme fascino. In questo articolo, ti raccontiamo quali sono le principali e le imperdibili, ma anche quelle meno conosciute, per aiutarti a scoprire tutti i lati nascosti del folklore piemontese.","robots":{"index":"index","follow":"follow","max-snippet":"max-snippet:-1","max-image-preview":"max-image-preview:large","max-video-preview":"max-video-preview:-1"},"canonical":"https:\/\/www.benessereviaggi.it\/blog\/feste-sagre-e-tradizioni-piemontesi\/10963\/","og_locale":"it_IT","og_type":"article","og_title":"Feste piemontesi","og_description":"Il Piemonte \u00e8 una regione tra le pi\u00f9 ricche di feste della tradizione, ed eventi di enorme fascino. In questo articolo, ti raccontiamo quali sono le principali e le imperdibili, ma anche quelle meno conosciute, per aiutarti a scoprire tutti i lati nascosti del folklore piemontese.","og_url":"https:\/\/www.benessereviaggi.it\/blog\/feste-sagre-e-tradizioni-piemontesi\/10963\/","og_site_name":"BenessereViaggi Blog","article_publisher":"https:\/\/www.facebook.com\/benessereviaggi.it","article_published_time":"2025-12-05T16:21:49+00:00","article_modified_time":"2025-12-05T16:21:50+00:00","og_image":[{"width":2560,"height":2048,"url":"https:\/\/www.benessereviaggi.it\/blog\/wp-content\/uploads\/2025\/12\/samuele-giglio-w5-xrQ7ZjdY-unsplash-scaled.jpg","type":"image\/jpeg"}],"author":"Redazione BenessereViaggi","twitter_card":"summary_large_image","twitter_creator":"@viaggibenessere","twitter_site":"@viaggibenessere","twitter_misc":{"Scritto da":"Redazione BenessereViaggi","Tempo di lettura stimato":"23 minuti"},"schema":{"@context":"https:\/\/schema.org","@graph":[{"@type":"WebPage","@id":"https:\/\/www.benessereviaggi.it\/blog\/feste-sagre-e-tradizioni-piemontesi\/10963\/","url":"https:\/\/www.benessereviaggi.it\/blog\/feste-sagre-e-tradizioni-piemontesi\/10963\/","name":"Feste, sagre e tradizioni piemontesi Feste piemontesi","isPartOf":{"@id":"https:\/\/www.benessereviaggi.it\/blog\/#website"},"datePublished":"2025-12-05T16:21:49+00:00","dateModified":"2025-12-05T16:21:50+00:00","author":{"@id":"https:\/\/www.benessereviaggi.it\/blog\/#\/schema\/person\/24b2adbecc239b5ded3713e246bb9986"},"description":"Quali sono le pi\u00f9 importanti della regione Il Piemonte \u00e8 una regione tra le pi\u00f9 ricche di feste della tradizione, ed eventi di enorme fascino che si Il Piemonte \u00e8 una regione tra le pi\u00f9 ricche di feste della tradizione, ed eventi di enorme fascino. In questo articolo, ti raccontiamo quali sono le principali e le imperdibili, ma anche quelle meno conosciute, per aiutarti a scoprire tutti i lati nascosti del folklore piemontese.","breadcrumb":{"@id":"https:\/\/www.benessereviaggi.it\/blog\/feste-sagre-e-tradizioni-piemontesi\/10963\/#breadcrumb"},"inLanguage":"it-IT","potentialAction":[{"@type":"ReadAction","target":["https:\/\/www.benessereviaggi.it\/blog\/feste-sagre-e-tradizioni-piemontesi\/10963\/"]}]},{"@type":"BreadcrumbList","@id":"https:\/\/www.benessereviaggi.it\/blog\/feste-sagre-e-tradizioni-piemontesi\/10963\/#breadcrumb","itemListElement":[{"@type":"ListItem","position":1,"name":"Home","item":"https:\/\/www.benessereviaggi.it\/blog\/"},{"@type":"ListItem","position":2,"name":"Feste, sagre e tradizioni piemontesi"}]},{"@type":"WebSite","@id":"https:\/\/www.benessereviaggi.it\/blog\/#website","url":"https:\/\/www.benessereviaggi.it\/blog\/","name":"BenessereViaggi Blog","description":"","potentialAction":[{"@type":"SearchAction","target":{"@type":"EntryPoint","urlTemplate":"https:\/\/www.benessereviaggi.it\/blog\/?s={search_term_string}"},"query-input":"required name=search_term_string"}],"inLanguage":"it-IT"},{"@type":"Person","@id":"https:\/\/www.benessereviaggi.it\/blog\/#\/schema\/person\/24b2adbecc239b5ded3713e246bb9986","name":"Redazione BenessereViaggi","image":{"@type":"ImageObject","inLanguage":"it-IT","@id":"https:\/\/www.benessereviaggi.it\/blog\/#\/schema\/person\/image\/","url":"https:\/\/secure.gravatar.com\/avatar\/09711c8e5c94a6a498ee0e5191db6a55?s=96&d=mm&r=g","contentUrl":"https:\/\/secure.gravatar.com\/avatar\/09711c8e5c94a6a498ee0e5191db6a55?s=96&d=mm&r=g","caption":"Redazione BenessereViaggi"},"url":"https:\/\/www.benessereviaggi.it\/blog\/author\/redazione-benessereviaggi\/"}]}},"_links":{"self":[{"href":"https:\/\/www.benessereviaggi.it\/blog\/wp-json\/wp\/v2\/posts\/10963"}],"collection":[{"href":"https:\/\/www.benessereviaggi.it\/blog\/wp-json\/wp\/v2\/posts"}],"about":[{"href":"https:\/\/www.benessereviaggi.it\/blog\/wp-json\/wp\/v2\/types\/post"}],"author":[{"embeddable":true,"href":"https:\/\/www.benessereviaggi.it\/blog\/wp-json\/wp\/v2\/users\/417"}],"replies":[{"embeddable":true,"href":"https:\/\/www.benessereviaggi.it\/blog\/wp-json\/wp\/v2\/comments?post=10963"}],"version-history":[{"count":3,"href":"https:\/\/www.benessereviaggi.it\/blog\/wp-json\/wp\/v2\/posts\/10963\/revisions"}],"predecessor-version":[{"id":10979,"href":"https:\/\/www.benessereviaggi.it\/blog\/wp-json\/wp\/v2\/posts\/10963\/revisions\/10979"}],"wp:featuredmedia":[{"embeddable":true,"href":"https:\/\/www.benessereviaggi.it\/blog\/wp-json\/wp\/v2\/media\/10975"}],"wp:attachment":[{"href":"https:\/\/www.benessereviaggi.it\/blog\/wp-json\/wp\/v2\/media?parent=10963"}],"wp:term":[{"taxonomy":"category","embeddable":true,"href":"https:\/\/www.benessereviaggi.it\/blog\/wp-json\/wp\/v2\/categories?post=10963"},{"taxonomy":"post_tag","embeddable":true,"href":"https:\/\/www.benessereviaggi.it\/blog\/wp-json\/wp\/v2\/tags?post=10963"}],"curies":[{"name":"wp","href":"https:\/\/api.w.org\/{rel}","templated":true}]}}