{"id":1977,"date":"2012-11-25T11:08:21","date_gmt":"2012-11-25T10:08:21","guid":{"rendered":"https:\/\/blog.benessereviaggi.it\/?p=1977"},"modified":"2018-03-14T10:34:47","modified_gmt":"2018-03-14T09:34:47","slug":"combattere-la-violenza-sulle-donne-cosa-possiamo-fare","status":"publish","type":"post","link":"https:\/\/www.benessereviaggi.it\/blog\/combattere-la-violenza-sulle-donne-cosa-possiamo-fare\/1977\/","title":{"rendered":"Combattere la violenza sulle donne: cosa possiamo fare"},"content":{"rendered":"<p>Il 25 novembre ricorre la <strong>Giornata Internazionale contro la violenza sulle donne<\/strong>. La giornata fu designata nel 1999 dall&#8217;Assemblea Generale delle Nazioni Unite allo scopo di sensibilizzare la collettivit\u00e0 sul tema attraverso le attivit\u00e0 promosse da ONG, governi e Organizzazioni internazionali.<\/p>\n<p>La giornata fu scelta in memoria delle tre sorelle Mirabal, che, considerate rivoluzionarie nel periodo di dittatura della Repubblica Dominicana, furono uccise appunto il 25 novembre 1961.<\/p>\n<p>Anche noi di Benessere Viaggi cerchiamo di dare il nostro piccolo contributo, cercando di sensibilizzare e informare i nostri lettori su un tema cos\u00ec delicato e spesso sottovalutato dalle donne stesse. Sebbene tale ricorrenza fa riferimento in particolare al legame che esiste tra il militarismo e la violenza sulle donne, non \u00e8 solo di questo che parliamo. Quello della violenza sulle donne \u00e8 un problema che non riguarda solo le donne dei paesi orientali, o che riguarda solo chi ha subito gravi abusi. La violenza sulle donne \u00e8 un <strong>fatto pi\u00f9 concreto, comune e diffuso<\/strong> di quel che crediamo ed \u00e8 per questo che ci riguarda da vicino.<\/p>\n<p>In Italia, se diamo uno sguardo alle ultime statistiche rese note dall&#8217;Istat, con riferimento all&#8217;anno 2006, qualsiasi sia il tipo di autore che abbia commesso la violenza e qualsiasi sia il tipo di violenza subita, notiamo che almeno<strong> nel 90 % dei casi la donna aggredita non denuncia<\/strong> e solo in media il 2,88 % delle donne che hanno subito violenza (fisica o sessuale o stupri e tentati stupri) si \u00e8 rivolto a centro anti-violenza o associazione per le donne.<\/p>\n<p>Ma come abbiamo detto la violenza sulle donne \u00e8 un fatto pi\u00f9 comune, non dimentichiamo che il <strong>Comitato per l&#8217;eliminazione della discriminazione contro le donne<\/strong> identifica la violenza contro le donne come &#8221; ogni atto\u00a0di violenza fondata sul genere che provochi o possa provocare danno fisico, sessuale, psicologico o una sofferenza alle donne, incluse le minacce di tali atti, la coercizione o la privazione arbitraria della libert\u00e0, sia in pubblico che nella vita privata.&#8221;<\/p>\n<p>La <strong>violenza psicologica<\/strong>, ad esempio \u00e8 una delle pi\u00f9 sottovalutate ma anche delle pi\u00f9 frequenti, perch\u00e9 sottile e difficile da riconoscere e smascherare, sia per chi la vive che per le persone che stanno intorno alla vittima. Ma si tratta di una violenza a tutti gli effetti, presa in considerazione anche tra i parametri Istat per le indagini sul tema. \u00a0Lo<strong> stalking<\/strong>, ad esempio, comporta una violenza psicologica molto forte.<\/p>\n<p>Non si pu\u00f2 allora tacere. Ci\u00f2 che possiamo fare \u00e8 partecipare! Partecipare vuol dire firmare le petizioni, vuol dire non tacere qualora siamo a conoscenza di fenomeni di violenza, vuol dire non tacere quando si \u00e8 vittima, bench\u00e9 sia questo il caso in cui \u00e8 pi\u00f9 difficile agire. Chi \u00e8 vittima non deve nascondere, non deve sottovalutare.<\/p>\n<p>Oggi le associazioni per le donne ci sono. Chi \u00e8 vittima di violenza pu\u00f2 ricorrere oltre ai <strong>consultori<\/strong> che offrono assistenza gratuita, anche ai<strong> centri donna anti-violenza<\/strong>, dislocati sul territorio nazionale e rivolgersi ai <strong>numeri rosa<\/strong> cui poter chiamare anche anonimamente per consigli.<\/p>\n<p>&nbsp;<\/p>\n<p>&nbsp;<\/p>\n","protected":false},"excerpt":{"rendered":"<p>Il 25 novembre ricorre la Giornata Internazionale contro la violenza sulle donne. La giornata fu designata nel 1999 dall&#8217;Assemblea Generale delle Nazioni Unite allo scopo di sensibilizzare la collettivit\u00e0 sul tema attraverso le attivit\u00e0 promosse da ONG, governi e Organizzazioni internazionali. La giornata fu scelta in memoria delle tre sorelle Mirabal, che, considerate rivoluzionarie nel [&hellip;]<\/p>\n","protected":false},"author":3,"featured_media":1981,"comment_status":"open","ping_status":"open","sticky":false,"template":"","format":"standard","meta":[],"categories":[1481],"tags":[],"yoast_head":"<!-- This site is optimized with the Yoast SEO plugin v20.7 - https:\/\/yoast.com\/wordpress\/plugins\/seo\/ -->\n<title>Combattere la violenza sulle donne: cosa possiamo fare<\/title>\n<meta name=\"description\" content=\"Il 25 novembre ricorre la Giornata Internazionale contro la violenza sulle donne. La giornata fu designata nel 1999 dall&#039;Assemblea Generale delle Nazioni\" \/>\n<meta name=\"robots\" content=\"index, follow, max-snippet:-1, max-image-preview:large, max-video-preview:-1\" \/>\n<link rel=\"canonical\" href=\"https:\/\/www.benessereviaggi.it\/blog\/combattere-la-violenza-sulle-donne-cosa-possiamo-fare\/1977\/\" \/>\n<meta property=\"og:locale\" content=\"it_IT\" \/>\n<meta property=\"og:type\" content=\"article\" \/>\n<meta property=\"og:title\" content=\"Combattere la violenza sulle donne: cosa possiamo fare\" \/>\n<meta property=\"og:description\" content=\"Il 25 novembre ricorre la Giornata Internazionale contro la violenza sulle donne. La giornata fu designata nel 1999 dall&#039;Assemblea Generale delle Nazioni\" \/>\n<meta property=\"og:url\" content=\"https:\/\/www.benessereviaggi.it\/blog\/combattere-la-violenza-sulle-donne-cosa-possiamo-fare\/1977\/\" \/>\n<meta property=\"og:site_name\" content=\"BenessereViaggi Blog\" \/>\n<meta property=\"article:publisher\" content=\"https:\/\/www.facebook.com\/benessereviaggi.it\" \/>\n<meta property=\"article:published_time\" content=\"2012-11-25T10:08:21+00:00\" \/>\n<meta property=\"article:modified_time\" content=\"2018-03-14T09:34:47+00:00\" \/>\n<meta property=\"og:image\" content=\"https:\/\/www.benessereviaggi.it\/blog\/wp-content\/uploads\/2012\/11\/giornata-contro-violenza-donne.jpg\" \/>\n\t<meta property=\"og:image:width\" content=\"450\" \/>\n\t<meta property=\"og:image:height\" content=\"390\" \/>\n\t<meta property=\"og:image:type\" content=\"image\/jpeg\" \/>\n<meta name=\"author\" content=\"Giusi Lombardo\" \/>\n<meta name=\"twitter:card\" content=\"summary_large_image\" \/>\n<meta name=\"twitter:creator\" content=\"@viaggibenessere\" \/>\n<meta name=\"twitter:site\" content=\"@viaggibenessere\" \/>\n<meta name=\"twitter:label1\" content=\"Scritto da\" \/>\n\t<meta name=\"twitter:data1\" content=\"Giusi Lombardo\" \/>\n\t<meta name=\"twitter:label2\" content=\"Tempo di lettura stimato\" \/>\n\t<meta name=\"twitter:data2\" content=\"2 minuti\" \/>\n<script type=\"application\/ld+json\" class=\"yoast-schema-graph\">{\"@context\":\"https:\/\/schema.org\",\"@graph\":[{\"@type\":\"WebPage\",\"@id\":\"https:\/\/www.benessereviaggi.it\/blog\/combattere-la-violenza-sulle-donne-cosa-possiamo-fare\/1977\/\",\"url\":\"https:\/\/www.benessereviaggi.it\/blog\/combattere-la-violenza-sulle-donne-cosa-possiamo-fare\/1977\/\",\"name\":\"Combattere la violenza sulle donne: cosa possiamo fare\",\"isPartOf\":{\"@id\":\"https:\/\/www.benessereviaggi.it\/blog\/#website\"},\"datePublished\":\"2012-11-25T10:08:21+00:00\",\"dateModified\":\"2018-03-14T09:34:47+00:00\",\"author\":{\"@id\":\"https:\/\/www.benessereviaggi.it\/blog\/#\/schema\/person\/295fbb0c9847759f8dce9e06be8599c4\"},\"description\":\"Il 25 novembre ricorre la Giornata Internazionale contro la violenza sulle donne. La giornata fu designata nel 1999 dall'Assemblea Generale delle Nazioni\",\"breadcrumb\":{\"@id\":\"https:\/\/www.benessereviaggi.it\/blog\/combattere-la-violenza-sulle-donne-cosa-possiamo-fare\/1977\/#breadcrumb\"},\"inLanguage\":\"it-IT\",\"potentialAction\":[{\"@type\":\"ReadAction\",\"target\":[\"https:\/\/www.benessereviaggi.it\/blog\/combattere-la-violenza-sulle-donne-cosa-possiamo-fare\/1977\/\"]}]},{\"@type\":\"BreadcrumbList\",\"@id\":\"https:\/\/www.benessereviaggi.it\/blog\/combattere-la-violenza-sulle-donne-cosa-possiamo-fare\/1977\/#breadcrumb\",\"itemListElement\":[{\"@type\":\"ListItem\",\"position\":1,\"name\":\"Home\",\"item\":\"https:\/\/www.benessereviaggi.it\/blog\/\"},{\"@type\":\"ListItem\",\"position\":2,\"name\":\"Combattere la violenza sulle donne: cosa possiamo fare\"}]},{\"@type\":\"WebSite\",\"@id\":\"https:\/\/www.benessereviaggi.it\/blog\/#website\",\"url\":\"https:\/\/www.benessereviaggi.it\/blog\/\",\"name\":\"BenessereViaggi Blog\",\"description\":\"\",\"potentialAction\":[{\"@type\":\"SearchAction\",\"target\":{\"@type\":\"EntryPoint\",\"urlTemplate\":\"https:\/\/www.benessereviaggi.it\/blog\/?s={search_term_string}\"},\"query-input\":\"required name=search_term_string\"}],\"inLanguage\":\"it-IT\"},{\"@type\":\"Person\",\"@id\":\"https:\/\/www.benessereviaggi.it\/blog\/#\/schema\/person\/295fbb0c9847759f8dce9e06be8599c4\",\"name\":\"Giusi Lombardo\",\"image\":{\"@type\":\"ImageObject\",\"inLanguage\":\"it-IT\",\"@id\":\"https:\/\/www.benessereviaggi.it\/blog\/#\/schema\/person\/image\/\",\"url\":\"https:\/\/secure.gravatar.com\/avatar\/f8bc5e6a83cd4e17b32209c50f3a521f?s=96&d=mm&r=g\",\"contentUrl\":\"https:\/\/secure.gravatar.com\/avatar\/f8bc5e6a83cd4e17b32209c50f3a521f?s=96&d=mm&r=g\",\"caption\":\"Giusi Lombardo\"},\"description\":\"Appassionata e Amante del benessere a 360\u00b0. Amo scrivere e condividere tutto quello che so.\",\"sameAs\":[\"https:\/\/plus.google.com\/108595440605305072210?rel=author\"],\"url\":\"https:\/\/www.benessereviaggi.it\/blog\/author\/giusi\/\"}]}<\/script>\n<!-- \/ Yoast SEO plugin. -->","yoast_head_json":{"title":"Combattere la violenza sulle donne: cosa possiamo fare","description":"Il 25 novembre ricorre la Giornata Internazionale contro la violenza sulle donne. La giornata fu designata nel 1999 dall'Assemblea Generale delle Nazioni","robots":{"index":"index","follow":"follow","max-snippet":"max-snippet:-1","max-image-preview":"max-image-preview:large","max-video-preview":"max-video-preview:-1"},"canonical":"https:\/\/www.benessereviaggi.it\/blog\/combattere-la-violenza-sulle-donne-cosa-possiamo-fare\/1977\/","og_locale":"it_IT","og_type":"article","og_title":"Combattere la violenza sulle donne: cosa possiamo fare","og_description":"Il 25 novembre ricorre la Giornata Internazionale contro la violenza sulle donne. La giornata fu designata nel 1999 dall'Assemblea Generale delle Nazioni","og_url":"https:\/\/www.benessereviaggi.it\/blog\/combattere-la-violenza-sulle-donne-cosa-possiamo-fare\/1977\/","og_site_name":"BenessereViaggi Blog","article_publisher":"https:\/\/www.facebook.com\/benessereviaggi.it","article_published_time":"2012-11-25T10:08:21+00:00","article_modified_time":"2018-03-14T09:34:47+00:00","og_image":[{"width":450,"height":390,"url":"https:\/\/www.benessereviaggi.it\/blog\/wp-content\/uploads\/2012\/11\/giornata-contro-violenza-donne.jpg","type":"image\/jpeg"}],"author":"Giusi Lombardo","twitter_card":"summary_large_image","twitter_creator":"@viaggibenessere","twitter_site":"@viaggibenessere","twitter_misc":{"Scritto da":"Giusi Lombardo","Tempo di lettura stimato":"2 minuti"},"schema":{"@context":"https:\/\/schema.org","@graph":[{"@type":"WebPage","@id":"https:\/\/www.benessereviaggi.it\/blog\/combattere-la-violenza-sulle-donne-cosa-possiamo-fare\/1977\/","url":"https:\/\/www.benessereviaggi.it\/blog\/combattere-la-violenza-sulle-donne-cosa-possiamo-fare\/1977\/","name":"Combattere la violenza sulle donne: cosa possiamo fare","isPartOf":{"@id":"https:\/\/www.benessereviaggi.it\/blog\/#website"},"datePublished":"2012-11-25T10:08:21+00:00","dateModified":"2018-03-14T09:34:47+00:00","author":{"@id":"https:\/\/www.benessereviaggi.it\/blog\/#\/schema\/person\/295fbb0c9847759f8dce9e06be8599c4"},"description":"Il 25 novembre ricorre la Giornata Internazionale contro la violenza sulle donne. La giornata fu designata nel 1999 dall'Assemblea Generale delle Nazioni","breadcrumb":{"@id":"https:\/\/www.benessereviaggi.it\/blog\/combattere-la-violenza-sulle-donne-cosa-possiamo-fare\/1977\/#breadcrumb"},"inLanguage":"it-IT","potentialAction":[{"@type":"ReadAction","target":["https:\/\/www.benessereviaggi.it\/blog\/combattere-la-violenza-sulle-donne-cosa-possiamo-fare\/1977\/"]}]},{"@type":"BreadcrumbList","@id":"https:\/\/www.benessereviaggi.it\/blog\/combattere-la-violenza-sulle-donne-cosa-possiamo-fare\/1977\/#breadcrumb","itemListElement":[{"@type":"ListItem","position":1,"name":"Home","item":"https:\/\/www.benessereviaggi.it\/blog\/"},{"@type":"ListItem","position":2,"name":"Combattere la violenza sulle donne: cosa possiamo fare"}]},{"@type":"WebSite","@id":"https:\/\/www.benessereviaggi.it\/blog\/#website","url":"https:\/\/www.benessereviaggi.it\/blog\/","name":"BenessereViaggi Blog","description":"","potentialAction":[{"@type":"SearchAction","target":{"@type":"EntryPoint","urlTemplate":"https:\/\/www.benessereviaggi.it\/blog\/?s={search_term_string}"},"query-input":"required name=search_term_string"}],"inLanguage":"it-IT"},{"@type":"Person","@id":"https:\/\/www.benessereviaggi.it\/blog\/#\/schema\/person\/295fbb0c9847759f8dce9e06be8599c4","name":"Giusi Lombardo","image":{"@type":"ImageObject","inLanguage":"it-IT","@id":"https:\/\/www.benessereviaggi.it\/blog\/#\/schema\/person\/image\/","url":"https:\/\/secure.gravatar.com\/avatar\/f8bc5e6a83cd4e17b32209c50f3a521f?s=96&d=mm&r=g","contentUrl":"https:\/\/secure.gravatar.com\/avatar\/f8bc5e6a83cd4e17b32209c50f3a521f?s=96&d=mm&r=g","caption":"Giusi Lombardo"},"description":"Appassionata e Amante del benessere a 360\u00b0. Amo scrivere e condividere tutto quello che so.","sameAs":["https:\/\/plus.google.com\/108595440605305072210?rel=author"],"url":"https:\/\/www.benessereviaggi.it\/blog\/author\/giusi\/"}]}},"_links":{"self":[{"href":"https:\/\/www.benessereviaggi.it\/blog\/wp-json\/wp\/v2\/posts\/1977"}],"collection":[{"href":"https:\/\/www.benessereviaggi.it\/blog\/wp-json\/wp\/v2\/posts"}],"about":[{"href":"https:\/\/www.benessereviaggi.it\/blog\/wp-json\/wp\/v2\/types\/post"}],"author":[{"embeddable":true,"href":"https:\/\/www.benessereviaggi.it\/blog\/wp-json\/wp\/v2\/users\/3"}],"replies":[{"embeddable":true,"href":"https:\/\/www.benessereviaggi.it\/blog\/wp-json\/wp\/v2\/comments?post=1977"}],"version-history":[{"count":1,"href":"https:\/\/www.benessereviaggi.it\/blog\/wp-json\/wp\/v2\/posts\/1977\/revisions"}],"predecessor-version":[{"id":7922,"href":"https:\/\/www.benessereviaggi.it\/blog\/wp-json\/wp\/v2\/posts\/1977\/revisions\/7922"}],"wp:featuredmedia":[{"embeddable":true,"href":"https:\/\/www.benessereviaggi.it\/blog\/wp-json\/wp\/v2\/media\/1981"}],"wp:attachment":[{"href":"https:\/\/www.benessereviaggi.it\/blog\/wp-json\/wp\/v2\/media?parent=1977"}],"wp:term":[{"taxonomy":"category","embeddable":true,"href":"https:\/\/www.benessereviaggi.it\/blog\/wp-json\/wp\/v2\/categories?post=1977"},{"taxonomy":"post_tag","embeddable":true,"href":"https:\/\/www.benessereviaggi.it\/blog\/wp-json\/wp\/v2\/tags?post=1977"}],"curies":[{"name":"wp","href":"https:\/\/api.w.org\/{rel}","templated":true}]}}