{"id":4909,"date":"2015-07-20T18:50:33","date_gmt":"2015-07-20T17:50:33","guid":{"rendered":"https:\/\/blog.benessereviaggi.it\/?p=4909"},"modified":"2018-03-14T12:04:37","modified_gmt":"2018-03-14T11:04:37","slug":"caldo-umido-e-capelli-come-non-rovinarli","status":"publish","type":"post","link":"https:\/\/www.benessereviaggi.it\/blog\/caldo-umido-e-capelli-come-non-rovinarli\/4909\/","title":{"rendered":"Caldo umido e capelli: come non rovinarli!"},"content":{"rendered":"<p>Quando arriva il <strong>caldo<\/strong> siamo tutti pi\u00f9 contenti perch\u00e9 si pu\u00f2 andare al <strong>mare,<\/strong> ci si abbronza, ci si veste pi\u00f9 leggeri e colorati. C&#8217;\u00e8 solo una parte di noi che non apprezza l&#8217;arrivo della <strong>bella stagione<\/strong> e del <strong>caldo umido:<\/strong> i capelli. Magari vi siete fatte un bello shampoo prima di uscire per una serata sulla spiaggia, avete perso ore tra trucchi, piastra e scelta del vestito e poco dopo essere uscite vi ritrovate coi capelli che sono un disastro. Succede, non fa piacere a nessuno ma sono cose che capitano. <strong>L&#8217;umidit\u00e0 \u00e8 una delle nemiche giurate dei capelli<\/strong>, in particolare di quelli lisci.<\/p>\n<p>Se anche voi siete vittime inconsapevoli dell&#8217;\u201destate dei capelli crespi\u201d, una malattia diffusa ma fortunatamente poco grave, dovete porre rimedio per evitare di diventare funghi atomici e soprattutto per non buttare all&#8217;aria ore e ore di cura dei propri capelli.<\/p>\n<p>La prima cosa da fare per cercare di scongiurare l&#8217;<strong>effetto capelli crespi<\/strong> \u00e8 quella di<strong> lavarli nelle maniera corretta<\/strong>. Come? Facilissimo, basta usare <strong>shampoo<\/strong> e <strong>balsamo<\/strong> fatti apposta <strong>per combattere l&#8217;umidit\u00e0<\/strong> <strong>e i capelli crespi<\/strong>. La prossima volta che vi troverete al supermercato a comprare prodotti per la cura personale fate pi\u00f9 attenzione a tutti i tipi di shampoo e balsamo che sono esposti, troverete di sicuro quelli che combattono l&#8217;effetto crespo. Una volta lavati attentamente con i prodotti ad hoc fate attenzione che non rimangano residui di shampoo e balsamo tra le ciocche. Se cos\u00ec fosse infatti l&#8217;effetto crespo \u00e8 praticamente assicurato! Abbiate molta cura nell&#8217;asciugare perfettamente i capelli. Prima di uscire utilizzate anche altri prodotti per modellare i capelli, ad esempio un po&#8217; di <strong>lacca, cera<\/strong> e <strong>mousse.<\/strong> Non troppa, mi raccomando, altrimenti si diventa delle modelle cyborg che sembrano avere un parrucchino piuttosto che un&#8217;acconciatura fluente, giusto un po&#8217; per suggellare la vostra pettinatura e combattere l&#8217;umidit\u00e0.<\/p>\n<p>Ecco, perfetto, siete praticamente pronte per la vostra serate contro l&#8217;umidit\u00e0. Ma quali sono le altre accortezze da tenere sempre presente? Facile, <strong>non toccate pi\u00f9 i vostri capelli con le mani<\/strong>. Come ben sapete le mani sono la parte del corpo che si sporca di pi\u00f9, toccano tutto e residui di sporcizia, olii, grassi e quant&#8217;altro rimangono in particolar modo nel palmo e nei polpastrelli. Volete toccare i vostri capelli con quelle mani? Assolutamente no! Se proprio volete farlo lavatele per bene e poi toccatevi la testa per spostare magari un ciuffo ballerino.<\/p>\n<p>Se invece volete tagliare la testa al toro, e questa volta \u00e8 proprio il caso di dirlo, allora <strong>tagliate i capelli<\/strong> <strong>durante i mesi estivi<\/strong>. Fatevi un taglio pi\u00f9 corto, magari alla moda se vi piace, o comunque pi\u00f9 sbarazzino e comodo. In estate, specialmente in questa estate, il caldo sembra essere davvero insopportabile. Avete visto che stiamo vivendo nel luglio pi\u00f9 caldo da 70 anni a questa parte? Poveri capelli nostri!<\/p>\n<p>Ma il caldo e l&#8217;umidit\u00e0 non sono solo una tortura per i capelli lisci. Lo sono anche per i capelli in generale. <strong>Il grande calore infatti va ad indebolire i tessuti dei capelli facendoli cos\u00ec diventare fragili e secchi<\/strong>. Per ovviare al problema cercate dei prodotti adeguati, ad esempio delle <strong>creme idratanti<\/strong> e shampi e balsami per capelli secchi, e non lavateli tutti i giorni. Una eccessiva frequenza di lavaggio infatti potrebbe indebolire ulteriormente il cuoio capelluto. Inoltre fate attenzione a quello che mangiate. Ad esempio<strong> gli omega 3 sono ideali per rinforzare i capelli e nutrirli<\/strong>. Via quindi con pesce azzurro. \u00c8 estate, non avrete di sicuro difficolt\u00e0 a reperirlo.<\/p>\n","protected":false},"excerpt":{"rendered":"<p>Quando arriva il caldo siamo tutti pi\u00f9 contenti perch\u00e9 si pu\u00f2 andare al mare, ci si abbronza, ci si veste pi\u00f9 leggeri e colorati. C&#8217;\u00e8 solo una parte di noi che non apprezza l&#8217;arrivo della bella stagione e del caldo umido: i capelli. Magari vi siete fatte un bello shampoo prima di uscire per una [&hellip;]<\/p>\n","protected":false},"author":76,"featured_media":4910,"comment_status":"open","ping_status":"open","sticky":false,"template":"","format":"standard","meta":[],"categories":[1481],"tags":[],"yoast_head":"<!-- This site is optimized with the Yoast SEO plugin v20.7 - https:\/\/yoast.com\/wordpress\/plugins\/seo\/ -->\n<title>Caldo umido e capelli: come non rovinarli!<\/title>\n<meta name=\"description\" content=\"Quando arriva il caldo siamo tutti pi\u00f9 contenti perch\u00e9 si pu\u00f2 andare al mare, ci si abbronza, ci si veste pi\u00f9 leggeri e colorati. C&#039;\u00e8 solo una parte di\" \/>\n<meta name=\"robots\" content=\"index, follow, max-snippet:-1, max-image-preview:large, max-video-preview:-1\" \/>\n<link rel=\"canonical\" href=\"https:\/\/www.benessereviaggi.it\/blog\/caldo-umido-e-capelli-come-non-rovinarli\/4909\/\" \/>\n<meta property=\"og:locale\" content=\"it_IT\" \/>\n<meta property=\"og:type\" content=\"article\" \/>\n<meta property=\"og:title\" content=\"Caldo umido e capelli: come non rovinarli!\" \/>\n<meta property=\"og:description\" content=\"Quando arriva il caldo siamo tutti pi\u00f9 contenti perch\u00e9 si pu\u00f2 andare al mare, ci si abbronza, ci si veste pi\u00f9 leggeri e colorati. C&#039;\u00e8 solo una parte di\" \/>\n<meta property=\"og:url\" content=\"https:\/\/www.benessereviaggi.it\/blog\/caldo-umido-e-capelli-come-non-rovinarli\/4909\/\" \/>\n<meta property=\"og:site_name\" content=\"BenessereViaggi Blog\" \/>\n<meta property=\"article:publisher\" content=\"https:\/\/www.facebook.com\/benessereviaggi.it\" \/>\n<meta property=\"article:published_time\" content=\"2015-07-20T17:50:33+00:00\" \/>\n<meta property=\"article:modified_time\" content=\"2018-03-14T11:04:37+00:00\" \/>\n<meta property=\"og:image\" content=\"https:\/\/www.benessereviaggi.it\/blog\/wp-content\/uploads\/2015\/07\/capelli-umido.jpg\" \/>\n\t<meta property=\"og:image:width\" content=\"2003\" \/>\n\t<meta property=\"og:image:height\" content=\"1343\" \/>\n\t<meta property=\"og:image:type\" content=\"image\/jpeg\" \/>\n<meta name=\"author\" content=\"Simone Di Sabatino\" \/>\n<meta name=\"twitter:card\" content=\"summary_large_image\" \/>\n<meta name=\"twitter:creator\" content=\"@viaggibenessere\" \/>\n<meta name=\"twitter:site\" content=\"@viaggibenessere\" \/>\n<meta name=\"twitter:label1\" content=\"Scritto da\" \/>\n\t<meta name=\"twitter:data1\" content=\"Simone Di Sabatino\" \/>\n\t<meta name=\"twitter:label2\" content=\"Tempo di lettura stimato\" \/>\n\t<meta name=\"twitter:data2\" content=\"3 minuti\" \/>\n<script type=\"application\/ld+json\" class=\"yoast-schema-graph\">{\"@context\":\"https:\/\/schema.org\",\"@graph\":[{\"@type\":\"WebPage\",\"@id\":\"https:\/\/www.benessereviaggi.it\/blog\/caldo-umido-e-capelli-come-non-rovinarli\/4909\/\",\"url\":\"https:\/\/www.benessereviaggi.it\/blog\/caldo-umido-e-capelli-come-non-rovinarli\/4909\/\",\"name\":\"Caldo umido e capelli: come non rovinarli!\",\"isPartOf\":{\"@id\":\"https:\/\/www.benessereviaggi.it\/blog\/#website\"},\"datePublished\":\"2015-07-20T17:50:33+00:00\",\"dateModified\":\"2018-03-14T11:04:37+00:00\",\"author\":{\"@id\":\"https:\/\/www.benessereviaggi.it\/blog\/#\/schema\/person\/e58e53704c1ed5162d1c6d2e344c1cba\"},\"description\":\"Quando arriva il caldo siamo tutti pi\u00f9 contenti perch\u00e9 si pu\u00f2 andare al mare, ci si abbronza, ci si veste pi\u00f9 leggeri e colorati. C'\u00e8 solo una parte di\",\"breadcrumb\":{\"@id\":\"https:\/\/www.benessereviaggi.it\/blog\/caldo-umido-e-capelli-come-non-rovinarli\/4909\/#breadcrumb\"},\"inLanguage\":\"it-IT\",\"potentialAction\":[{\"@type\":\"ReadAction\",\"target\":[\"https:\/\/www.benessereviaggi.it\/blog\/caldo-umido-e-capelli-come-non-rovinarli\/4909\/\"]}]},{\"@type\":\"BreadcrumbList\",\"@id\":\"https:\/\/www.benessereviaggi.it\/blog\/caldo-umido-e-capelli-come-non-rovinarli\/4909\/#breadcrumb\",\"itemListElement\":[{\"@type\":\"ListItem\",\"position\":1,\"name\":\"Home\",\"item\":\"https:\/\/www.benessereviaggi.it\/blog\/\"},{\"@type\":\"ListItem\",\"position\":2,\"name\":\"Caldo umido e capelli: come non rovinarli!\"}]},{\"@type\":\"WebSite\",\"@id\":\"https:\/\/www.benessereviaggi.it\/blog\/#website\",\"url\":\"https:\/\/www.benessereviaggi.it\/blog\/\",\"name\":\"BenessereViaggi Blog\",\"description\":\"\",\"potentialAction\":[{\"@type\":\"SearchAction\",\"target\":{\"@type\":\"EntryPoint\",\"urlTemplate\":\"https:\/\/www.benessereviaggi.it\/blog\/?s={search_term_string}\"},\"query-input\":\"required name=search_term_string\"}],\"inLanguage\":\"it-IT\"},{\"@type\":\"Person\",\"@id\":\"https:\/\/www.benessereviaggi.it\/blog\/#\/schema\/person\/e58e53704c1ed5162d1c6d2e344c1cba\",\"name\":\"Simone Di Sabatino\",\"image\":{\"@type\":\"ImageObject\",\"inLanguage\":\"it-IT\",\"@id\":\"https:\/\/www.benessereviaggi.it\/blog\/#\/schema\/person\/image\/\",\"url\":\"https:\/\/secure.gravatar.com\/avatar\/57dbb37fc9b2a0d777517b916e1c0fad?s=96&d=mm&r=g\",\"contentUrl\":\"https:\/\/secure.gravatar.com\/avatar\/57dbb37fc9b2a0d777517b916e1c0fad?s=96&d=mm&r=g\",\"caption\":\"Simone Di Sabatino\"},\"url\":\"https:\/\/www.benessereviaggi.it\/blog\/author\/simone-di-sabatino\/\"}]}<\/script>\n<!-- \/ Yoast SEO plugin. -->","yoast_head_json":{"title":"Caldo umido e capelli: come non rovinarli!","description":"Quando arriva il caldo siamo tutti pi\u00f9 contenti perch\u00e9 si pu\u00f2 andare al mare, ci si abbronza, ci si veste pi\u00f9 leggeri e colorati. C'\u00e8 solo una parte di","robots":{"index":"index","follow":"follow","max-snippet":"max-snippet:-1","max-image-preview":"max-image-preview:large","max-video-preview":"max-video-preview:-1"},"canonical":"https:\/\/www.benessereviaggi.it\/blog\/caldo-umido-e-capelli-come-non-rovinarli\/4909\/","og_locale":"it_IT","og_type":"article","og_title":"Caldo umido e capelli: come non rovinarli!","og_description":"Quando arriva il caldo siamo tutti pi\u00f9 contenti perch\u00e9 si pu\u00f2 andare al mare, ci si abbronza, ci si veste pi\u00f9 leggeri e colorati. C'\u00e8 solo una parte di","og_url":"https:\/\/www.benessereviaggi.it\/blog\/caldo-umido-e-capelli-come-non-rovinarli\/4909\/","og_site_name":"BenessereViaggi Blog","article_publisher":"https:\/\/www.facebook.com\/benessereviaggi.it","article_published_time":"2015-07-20T17:50:33+00:00","article_modified_time":"2018-03-14T11:04:37+00:00","og_image":[{"width":2003,"height":1343,"url":"https:\/\/www.benessereviaggi.it\/blog\/wp-content\/uploads\/2015\/07\/capelli-umido.jpg","type":"image\/jpeg"}],"author":"Simone Di Sabatino","twitter_card":"summary_large_image","twitter_creator":"@viaggibenessere","twitter_site":"@viaggibenessere","twitter_misc":{"Scritto da":"Simone Di Sabatino","Tempo di lettura stimato":"3 minuti"},"schema":{"@context":"https:\/\/schema.org","@graph":[{"@type":"WebPage","@id":"https:\/\/www.benessereviaggi.it\/blog\/caldo-umido-e-capelli-come-non-rovinarli\/4909\/","url":"https:\/\/www.benessereviaggi.it\/blog\/caldo-umido-e-capelli-come-non-rovinarli\/4909\/","name":"Caldo umido e capelli: come non rovinarli!","isPartOf":{"@id":"https:\/\/www.benessereviaggi.it\/blog\/#website"},"datePublished":"2015-07-20T17:50:33+00:00","dateModified":"2018-03-14T11:04:37+00:00","author":{"@id":"https:\/\/www.benessereviaggi.it\/blog\/#\/schema\/person\/e58e53704c1ed5162d1c6d2e344c1cba"},"description":"Quando arriva il caldo siamo tutti pi\u00f9 contenti perch\u00e9 si pu\u00f2 andare al mare, ci si abbronza, ci si veste pi\u00f9 leggeri e colorati. C'\u00e8 solo una parte di","breadcrumb":{"@id":"https:\/\/www.benessereviaggi.it\/blog\/caldo-umido-e-capelli-come-non-rovinarli\/4909\/#breadcrumb"},"inLanguage":"it-IT","potentialAction":[{"@type":"ReadAction","target":["https:\/\/www.benessereviaggi.it\/blog\/caldo-umido-e-capelli-come-non-rovinarli\/4909\/"]}]},{"@type":"BreadcrumbList","@id":"https:\/\/www.benessereviaggi.it\/blog\/caldo-umido-e-capelli-come-non-rovinarli\/4909\/#breadcrumb","itemListElement":[{"@type":"ListItem","position":1,"name":"Home","item":"https:\/\/www.benessereviaggi.it\/blog\/"},{"@type":"ListItem","position":2,"name":"Caldo umido e capelli: come non rovinarli!"}]},{"@type":"WebSite","@id":"https:\/\/www.benessereviaggi.it\/blog\/#website","url":"https:\/\/www.benessereviaggi.it\/blog\/","name":"BenessereViaggi Blog","description":"","potentialAction":[{"@type":"SearchAction","target":{"@type":"EntryPoint","urlTemplate":"https:\/\/www.benessereviaggi.it\/blog\/?s={search_term_string}"},"query-input":"required name=search_term_string"}],"inLanguage":"it-IT"},{"@type":"Person","@id":"https:\/\/www.benessereviaggi.it\/blog\/#\/schema\/person\/e58e53704c1ed5162d1c6d2e344c1cba","name":"Simone Di Sabatino","image":{"@type":"ImageObject","inLanguage":"it-IT","@id":"https:\/\/www.benessereviaggi.it\/blog\/#\/schema\/person\/image\/","url":"https:\/\/secure.gravatar.com\/avatar\/57dbb37fc9b2a0d777517b916e1c0fad?s=96&d=mm&r=g","contentUrl":"https:\/\/secure.gravatar.com\/avatar\/57dbb37fc9b2a0d777517b916e1c0fad?s=96&d=mm&r=g","caption":"Simone Di Sabatino"},"url":"https:\/\/www.benessereviaggi.it\/blog\/author\/simone-di-sabatino\/"}]}},"_links":{"self":[{"href":"https:\/\/www.benessereviaggi.it\/blog\/wp-json\/wp\/v2\/posts\/4909"}],"collection":[{"href":"https:\/\/www.benessereviaggi.it\/blog\/wp-json\/wp\/v2\/posts"}],"about":[{"href":"https:\/\/www.benessereviaggi.it\/blog\/wp-json\/wp\/v2\/types\/post"}],"author":[{"embeddable":true,"href":"https:\/\/www.benessereviaggi.it\/blog\/wp-json\/wp\/v2\/users\/76"}],"replies":[{"embeddable":true,"href":"https:\/\/www.benessereviaggi.it\/blog\/wp-json\/wp\/v2\/comments?post=4909"}],"version-history":[{"count":1,"href":"https:\/\/www.benessereviaggi.it\/blog\/wp-json\/wp\/v2\/posts\/4909\/revisions"}],"predecessor-version":[{"id":8273,"href":"https:\/\/www.benessereviaggi.it\/blog\/wp-json\/wp\/v2\/posts\/4909\/revisions\/8273"}],"wp:featuredmedia":[{"embeddable":true,"href":"https:\/\/www.benessereviaggi.it\/blog\/wp-json\/wp\/v2\/media\/4910"}],"wp:attachment":[{"href":"https:\/\/www.benessereviaggi.it\/blog\/wp-json\/wp\/v2\/media?parent=4909"}],"wp:term":[{"taxonomy":"category","embeddable":true,"href":"https:\/\/www.benessereviaggi.it\/blog\/wp-json\/wp\/v2\/categories?post=4909"},{"taxonomy":"post_tag","embeddable":true,"href":"https:\/\/www.benessereviaggi.it\/blog\/wp-json\/wp\/v2\/tags?post=4909"}],"curies":[{"name":"wp","href":"https:\/\/api.w.org\/{rel}","templated":true}]}}