{"id":4950,"date":"2015-08-03T15:08:51","date_gmt":"2015-08-03T14:08:51","guid":{"rendered":"https:\/\/blog.benessereviaggi.it\/?p=4950"},"modified":"2018-03-14T12:04:03","modified_gmt":"2018-03-14T11:04:03","slug":"i-libri-da-portare-in-vacanza-nellestate-2015","status":"publish","type":"post","link":"https:\/\/www.benessereviaggi.it\/blog\/i-libri-da-portare-in-vacanza-nellestate-2015\/4950\/","title":{"rendered":"I libri da portare in vacanza nell&#8217;Estate 2015"},"content":{"rendered":"<p>L&#8217;estate non \u00e8 solo la stagione del mare, delle ferie e del tempo libero, \u00e8 anche quella delle<strong> letture sotto l&#8217;ombrellone<\/strong>. Si \u00e8 generalmente pi\u00f9 liberi, si ha pi\u00f9 tempo per s\u00e9 e per gli amanti della lettura la stagione estiva diventa il momento perfetto per dedicarsi ad alcuni libri che si voleva leggere con la giusta dose di tempo e calma. Le novit\u00e0 letterarie sono sempre in continua evoluzione e se la lista dei \u201c<strong>libri da leggere<\/strong>\u201d \u00e8 sempre pi\u00f9 lunga \u00e8 arrivato il momento di andare in libreria armati della suddetta lista, fare acquisti e dedicarsi finalmente alla meritata lettura.<\/p>\n<p>Proviamo a consigliarvi qualche buona lettura:<\/p>\n<p><strong>L&#8217;arte di collezionare mosche di Fredrik Sj\u00f6berg<\/strong>. Giornalista, scrittore ed entomologo, Sj\u00f6berg \u00e8 un appassionato collezionista che da anni porta avanti un curioso interesse per le mosche. Lo svedese cita Ren\u00e8 Malaise, colui che invent\u00f2 la trappola per mosche che ha permesso la catalogazione di migliaia di specie, Laurence, Kundera e Chatwin. Un libro insolito e bizzarro, consigliato a chi cerca una lettura particolare e vuole accrescere la propria conoscenza del mondo.<\/p>\n<p><strong>After di Anna Todd.<\/strong> Dallo smartphone alla carta stampata, questo \u00e8 il percorso dei pensieri della Todd che ha prima appuntato le sua storia sul suo telefono e poi, passo dopo passo, su Wattpad, una community di lettori e scrittori. Il prodotto che ne \u00e8 venuto fuori \u00e8 un libro di successo che narra la storia di Tess, ragazza al primo anno di college dalla vita apparentemente perfetta. \u00c8 solo quando conosce il bell&#8217;Hardin che la sua quotidianit\u00e0 viene completamente sconvolta, facendole riclassificare i valori e le esperienze fatte fino ad allora. In libreria si trova gi\u00e0 anche \u201cUn cuore in mille pezzi\u201d, secondo volume dell&#8217;opera che a breve diverr\u00e0 anche un film prodotto dalla Paramount Pictures.<\/p>\n<p><strong>Non siamo pi\u00f9 noi stessi di Matthew Thomas.<\/strong> Eileen \u00e8 una ragazza irlandese che vive negli Stati Uniti, fa l&#8217;infermiera e la sua vita sembra essere tutta l\u00ec, tra le difficolt\u00e0 e la tenacia di chi cerca di costruirsi una vita normale e dignitosa. Eileen per\u00f2 capisce che c&#8217;\u00e8 qualcosa in pi\u00f9 al di l\u00e0 del mondo, un punto dove poter trovare la vera felicit\u00e0, senza se e senza ma. Opera prima di Thomas, un romanzo di oltre 700 pagine che sa conquistare sin dalle prime pagine.<\/p>\n<p><strong>L&#8217;et\u00e0 della febbre di AA.VV.<\/strong> Undici scrittori italiani under 40 per un opera collettanea sulla scia de \u201cLa qualit\u00e0 dell&#8217;aria\u201d. Si parla della vita di tutti i giorni, del presente che viene dal passato, del presente che si proietta verso il futuro, in ogni caso di un presente fatto di emozioni e desideri, di sogni e difficolt\u00e0. Un bellissimo affresco generazionale dell&#8217;Italia di oggi, divisa, diffidente, coraggiosa, stanca e gagliarda.<\/p>\n<p><strong>La vigna di Angelica di Sveva Casati Modigliani.<\/strong> Nei vigneti del Piemonte una storia tutta al femminile che parla del coraggio di Angelica, 35enne moglie, madre e proprietarie di una prestigiosa cantina. Nella maestosit\u00e0 della natura rigogliosa dei vigneti e delle valli Angelica insegue la sua vita felice passando per le tortuosit\u00e0 del quotidiano, fino a quando un incidente stradale fa scattare qualcosa in un ingranaggio molto pi\u00f9 grande di lei.<\/p>\n","protected":false},"excerpt":{"rendered":"<p>L&#8217;estate non \u00e8 solo la stagione del mare, delle ferie e del tempo libero, \u00e8 anche quella delle letture sotto l&#8217;ombrellone. Si \u00e8 generalmente pi\u00f9 liberi, si ha pi\u00f9 tempo per s\u00e9 e per gli amanti della lettura la stagione estiva diventa il momento perfetto per dedicarsi ad alcuni libri che si voleva leggere con [&hellip;]<\/p>\n","protected":false},"author":76,"featured_media":4951,"comment_status":"open","ping_status":"open","sticky":false,"template":"","format":"standard","meta":[],"categories":[1481],"tags":[],"yoast_head":"<!-- This site is optimized with the Yoast SEO plugin v20.7 - https:\/\/yoast.com\/wordpress\/plugins\/seo\/ -->\n<title>I libri da portare in vacanza nell&#039;Estate 2015<\/title>\n<meta name=\"description\" content=\"L&#039;estate non \u00e8 solo la stagione del mare, delle ferie e del tempo libero, \u00e8 anche quella delle letture sotto l&#039;ombrellone. Si \u00e8 generalmente pi\u00f9 liberi,\" \/>\n<meta name=\"robots\" content=\"index, follow, max-snippet:-1, max-image-preview:large, max-video-preview:-1\" \/>\n<link rel=\"canonical\" href=\"https:\/\/www.benessereviaggi.it\/blog\/i-libri-da-portare-in-vacanza-nellestate-2015\/4950\/\" \/>\n<meta property=\"og:locale\" content=\"it_IT\" \/>\n<meta property=\"og:type\" content=\"article\" \/>\n<meta property=\"og:title\" content=\"I libri da portare in vacanza nell&#039;Estate 2015\" \/>\n<meta property=\"og:description\" content=\"L&#039;estate non \u00e8 solo la stagione del mare, delle ferie e del tempo libero, \u00e8 anche quella delle letture sotto l&#039;ombrellone. Si \u00e8 generalmente pi\u00f9 liberi,\" \/>\n<meta property=\"og:url\" content=\"https:\/\/www.benessereviaggi.it\/blog\/i-libri-da-portare-in-vacanza-nellestate-2015\/4950\/\" \/>\n<meta property=\"og:site_name\" content=\"BenessereViaggi Blog\" \/>\n<meta property=\"article:publisher\" content=\"https:\/\/www.facebook.com\/benessereviaggi.it\" \/>\n<meta property=\"article:published_time\" content=\"2015-08-03T14:08:51+00:00\" \/>\n<meta property=\"article:modified_time\" content=\"2018-03-14T11:04:03+00:00\" \/>\n<meta property=\"og:image\" content=\"https:\/\/www.benessereviaggi.it\/blog\/wp-content\/uploads\/2015\/08\/leggere-mare.jpg\" \/>\n\t<meta property=\"og:image:width\" content=\"1073\" \/>\n\t<meta property=\"og:image:height\" content=\"776\" \/>\n\t<meta property=\"og:image:type\" content=\"image\/jpeg\" \/>\n<meta name=\"author\" content=\"Simone Di Sabatino\" \/>\n<meta name=\"twitter:card\" content=\"summary_large_image\" \/>\n<meta name=\"twitter:creator\" content=\"@viaggibenessere\" \/>\n<meta name=\"twitter:site\" content=\"@viaggibenessere\" \/>\n<meta name=\"twitter:label1\" content=\"Scritto da\" \/>\n\t<meta name=\"twitter:data1\" content=\"Simone Di Sabatino\" \/>\n\t<meta name=\"twitter:label2\" content=\"Tempo di lettura stimato\" \/>\n\t<meta name=\"twitter:data2\" content=\"3 minuti\" \/>\n<script type=\"application\/ld+json\" class=\"yoast-schema-graph\">{\"@context\":\"https:\/\/schema.org\",\"@graph\":[{\"@type\":\"WebPage\",\"@id\":\"https:\/\/www.benessereviaggi.it\/blog\/i-libri-da-portare-in-vacanza-nellestate-2015\/4950\/\",\"url\":\"https:\/\/www.benessereviaggi.it\/blog\/i-libri-da-portare-in-vacanza-nellestate-2015\/4950\/\",\"name\":\"I libri da portare in vacanza nell'Estate 2015\",\"isPartOf\":{\"@id\":\"https:\/\/www.benessereviaggi.it\/blog\/#website\"},\"datePublished\":\"2015-08-03T14:08:51+00:00\",\"dateModified\":\"2018-03-14T11:04:03+00:00\",\"author\":{\"@id\":\"https:\/\/www.benessereviaggi.it\/blog\/#\/schema\/person\/e58e53704c1ed5162d1c6d2e344c1cba\"},\"description\":\"L'estate non \u00e8 solo la stagione del mare, delle ferie e del tempo libero, \u00e8 anche quella delle letture sotto l'ombrellone. Si \u00e8 generalmente pi\u00f9 liberi,\",\"breadcrumb\":{\"@id\":\"https:\/\/www.benessereviaggi.it\/blog\/i-libri-da-portare-in-vacanza-nellestate-2015\/4950\/#breadcrumb\"},\"inLanguage\":\"it-IT\",\"potentialAction\":[{\"@type\":\"ReadAction\",\"target\":[\"https:\/\/www.benessereviaggi.it\/blog\/i-libri-da-portare-in-vacanza-nellestate-2015\/4950\/\"]}]},{\"@type\":\"BreadcrumbList\",\"@id\":\"https:\/\/www.benessereviaggi.it\/blog\/i-libri-da-portare-in-vacanza-nellestate-2015\/4950\/#breadcrumb\",\"itemListElement\":[{\"@type\":\"ListItem\",\"position\":1,\"name\":\"Home\",\"item\":\"https:\/\/www.benessereviaggi.it\/blog\/\"},{\"@type\":\"ListItem\",\"position\":2,\"name\":\"I libri da portare in vacanza nell&#8217;Estate 2015\"}]},{\"@type\":\"WebSite\",\"@id\":\"https:\/\/www.benessereviaggi.it\/blog\/#website\",\"url\":\"https:\/\/www.benessereviaggi.it\/blog\/\",\"name\":\"BenessereViaggi Blog\",\"description\":\"\",\"potentialAction\":[{\"@type\":\"SearchAction\",\"target\":{\"@type\":\"EntryPoint\",\"urlTemplate\":\"https:\/\/www.benessereviaggi.it\/blog\/?s={search_term_string}\"},\"query-input\":\"required name=search_term_string\"}],\"inLanguage\":\"it-IT\"},{\"@type\":\"Person\",\"@id\":\"https:\/\/www.benessereviaggi.it\/blog\/#\/schema\/person\/e58e53704c1ed5162d1c6d2e344c1cba\",\"name\":\"Simone Di Sabatino\",\"image\":{\"@type\":\"ImageObject\",\"inLanguage\":\"it-IT\",\"@id\":\"https:\/\/www.benessereviaggi.it\/blog\/#\/schema\/person\/image\/\",\"url\":\"https:\/\/secure.gravatar.com\/avatar\/57dbb37fc9b2a0d777517b916e1c0fad?s=96&d=mm&r=g\",\"contentUrl\":\"https:\/\/secure.gravatar.com\/avatar\/57dbb37fc9b2a0d777517b916e1c0fad?s=96&d=mm&r=g\",\"caption\":\"Simone Di Sabatino\"},\"url\":\"https:\/\/www.benessereviaggi.it\/blog\/author\/simone-di-sabatino\/\"}]}<\/script>\n<!-- \/ Yoast SEO plugin. -->","yoast_head_json":{"title":"I libri da portare in vacanza nell'Estate 2015","description":"L'estate non \u00e8 solo la stagione del mare, delle ferie e del tempo libero, \u00e8 anche quella delle letture sotto l'ombrellone. Si \u00e8 generalmente pi\u00f9 liberi,","robots":{"index":"index","follow":"follow","max-snippet":"max-snippet:-1","max-image-preview":"max-image-preview:large","max-video-preview":"max-video-preview:-1"},"canonical":"https:\/\/www.benessereviaggi.it\/blog\/i-libri-da-portare-in-vacanza-nellestate-2015\/4950\/","og_locale":"it_IT","og_type":"article","og_title":"I libri da portare in vacanza nell'Estate 2015","og_description":"L'estate non \u00e8 solo la stagione del mare, delle ferie e del tempo libero, \u00e8 anche quella delle letture sotto l'ombrellone. Si \u00e8 generalmente pi\u00f9 liberi,","og_url":"https:\/\/www.benessereviaggi.it\/blog\/i-libri-da-portare-in-vacanza-nellestate-2015\/4950\/","og_site_name":"BenessereViaggi Blog","article_publisher":"https:\/\/www.facebook.com\/benessereviaggi.it","article_published_time":"2015-08-03T14:08:51+00:00","article_modified_time":"2018-03-14T11:04:03+00:00","og_image":[{"width":1073,"height":776,"url":"https:\/\/www.benessereviaggi.it\/blog\/wp-content\/uploads\/2015\/08\/leggere-mare.jpg","type":"image\/jpeg"}],"author":"Simone Di Sabatino","twitter_card":"summary_large_image","twitter_creator":"@viaggibenessere","twitter_site":"@viaggibenessere","twitter_misc":{"Scritto da":"Simone Di Sabatino","Tempo di lettura stimato":"3 minuti"},"schema":{"@context":"https:\/\/schema.org","@graph":[{"@type":"WebPage","@id":"https:\/\/www.benessereviaggi.it\/blog\/i-libri-da-portare-in-vacanza-nellestate-2015\/4950\/","url":"https:\/\/www.benessereviaggi.it\/blog\/i-libri-da-portare-in-vacanza-nellestate-2015\/4950\/","name":"I libri da portare in vacanza nell'Estate 2015","isPartOf":{"@id":"https:\/\/www.benessereviaggi.it\/blog\/#website"},"datePublished":"2015-08-03T14:08:51+00:00","dateModified":"2018-03-14T11:04:03+00:00","author":{"@id":"https:\/\/www.benessereviaggi.it\/blog\/#\/schema\/person\/e58e53704c1ed5162d1c6d2e344c1cba"},"description":"L'estate non \u00e8 solo la stagione del mare, delle ferie e del tempo libero, \u00e8 anche quella delle letture sotto l'ombrellone. Si \u00e8 generalmente pi\u00f9 liberi,","breadcrumb":{"@id":"https:\/\/www.benessereviaggi.it\/blog\/i-libri-da-portare-in-vacanza-nellestate-2015\/4950\/#breadcrumb"},"inLanguage":"it-IT","potentialAction":[{"@type":"ReadAction","target":["https:\/\/www.benessereviaggi.it\/blog\/i-libri-da-portare-in-vacanza-nellestate-2015\/4950\/"]}]},{"@type":"BreadcrumbList","@id":"https:\/\/www.benessereviaggi.it\/blog\/i-libri-da-portare-in-vacanza-nellestate-2015\/4950\/#breadcrumb","itemListElement":[{"@type":"ListItem","position":1,"name":"Home","item":"https:\/\/www.benessereviaggi.it\/blog\/"},{"@type":"ListItem","position":2,"name":"I libri da portare in vacanza nell&#8217;Estate 2015"}]},{"@type":"WebSite","@id":"https:\/\/www.benessereviaggi.it\/blog\/#website","url":"https:\/\/www.benessereviaggi.it\/blog\/","name":"BenessereViaggi Blog","description":"","potentialAction":[{"@type":"SearchAction","target":{"@type":"EntryPoint","urlTemplate":"https:\/\/www.benessereviaggi.it\/blog\/?s={search_term_string}"},"query-input":"required name=search_term_string"}],"inLanguage":"it-IT"},{"@type":"Person","@id":"https:\/\/www.benessereviaggi.it\/blog\/#\/schema\/person\/e58e53704c1ed5162d1c6d2e344c1cba","name":"Simone Di Sabatino","image":{"@type":"ImageObject","inLanguage":"it-IT","@id":"https:\/\/www.benessereviaggi.it\/blog\/#\/schema\/person\/image\/","url":"https:\/\/secure.gravatar.com\/avatar\/57dbb37fc9b2a0d777517b916e1c0fad?s=96&d=mm&r=g","contentUrl":"https:\/\/secure.gravatar.com\/avatar\/57dbb37fc9b2a0d777517b916e1c0fad?s=96&d=mm&r=g","caption":"Simone Di Sabatino"},"url":"https:\/\/www.benessereviaggi.it\/blog\/author\/simone-di-sabatino\/"}]}},"_links":{"self":[{"href":"https:\/\/www.benessereviaggi.it\/blog\/wp-json\/wp\/v2\/posts\/4950"}],"collection":[{"href":"https:\/\/www.benessereviaggi.it\/blog\/wp-json\/wp\/v2\/posts"}],"about":[{"href":"https:\/\/www.benessereviaggi.it\/blog\/wp-json\/wp\/v2\/types\/post"}],"author":[{"embeddable":true,"href":"https:\/\/www.benessereviaggi.it\/blog\/wp-json\/wp\/v2\/users\/76"}],"replies":[{"embeddable":true,"href":"https:\/\/www.benessereviaggi.it\/blog\/wp-json\/wp\/v2\/comments?post=4950"}],"version-history":[{"count":1,"href":"https:\/\/www.benessereviaggi.it\/blog\/wp-json\/wp\/v2\/posts\/4950\/revisions"}],"predecessor-version":[{"id":8270,"href":"https:\/\/www.benessereviaggi.it\/blog\/wp-json\/wp\/v2\/posts\/4950\/revisions\/8270"}],"wp:featuredmedia":[{"embeddable":true,"href":"https:\/\/www.benessereviaggi.it\/blog\/wp-json\/wp\/v2\/media\/4951"}],"wp:attachment":[{"href":"https:\/\/www.benessereviaggi.it\/blog\/wp-json\/wp\/v2\/media?parent=4950"}],"wp:term":[{"taxonomy":"category","embeddable":true,"href":"https:\/\/www.benessereviaggi.it\/blog\/wp-json\/wp\/v2\/categories?post=4950"},{"taxonomy":"post_tag","embeddable":true,"href":"https:\/\/www.benessereviaggi.it\/blog\/wp-json\/wp\/v2\/tags?post=4950"}],"curies":[{"name":"wp","href":"https:\/\/api.w.org\/{rel}","templated":true}]}}