{"id":4964,"date":"2015-08-13T08:38:20","date_gmt":"2015-08-13T07:38:20","guid":{"rendered":"https:\/\/blog.benessereviaggi.it\/?p=4964"},"modified":"2018-03-14T10:36:10","modified_gmt":"2018-03-14T09:36:10","slug":"vacanze-di-settembre-le-mete-italiane-low-cost","status":"publish","type":"post","link":"https:\/\/www.benessereviaggi.it\/blog\/vacanze-di-settembre-le-mete-italiane-low-cost\/4964\/","title":{"rendered":"Vacanze di settembre: le mete italiane low-cost"},"content":{"rendered":"<p><span style=\"font-weight: 400\">Molti italiani non hanno la possibilit\u00e0 di assentarsi dal lavoro e dagli impegni in piena stagione e sono costretti a fare le ferie durante il mese di settembre. Se per molti questo \u00e8 un ripiego, in realt\u00e0 fare le vacanze estive nel mese di settembre presenta dei \u00a0vantaggi, primo fra tutti la <\/span><b>convenienza<\/b><span style=\"font-weight: 400\">.<\/span><\/p>\n<p><span style=\"font-weight: 400\">Noi di Benessere Viaggi vi consigliamo allora alcune <\/span><b>mete low-cost<\/b><span style=\"font-weight: 400\"> per fare delle vacanze all\u2019insegna del divertimento, del relax e ovviamente, del benessere!<\/span><\/p>\n<p>&nbsp;<\/p>\n<p><b>Al sud per un\u2019estate pi\u00f9 lunga<\/b><\/p>\n<p><span style=\"font-weight: 400\">Un consiglio \u00e8 quello di scegliere una regione del Sud per le vostre vacanze. A settembre, infatti, al Sud il clima \u00e8 ancora estivo, i prezzi sono pi\u00f9 bassi e i luoghi non sono affollati come durante il mese di agosto. \u00a0In <\/span><b>Calabria<\/b><span style=\"font-weight: 400\"> potete optare per una localit\u00e0 della <\/span><b>costa Viola<\/b><span style=\"font-weight: 400\"> che si distingue per una morfologia pittoresca e caratteristica, che alterna tratti di costa pianeggianti a tratti montuosi<\/span><span style=\"font-weight: 400\">. Anche nella vicina <\/span><b>Sicilia<\/b><span style=\"font-weight: 400\"> \u00a0<\/span><span style=\"font-weight: 400\">troverete una grande <\/span><b>variet\u00e0 paesaggistica e artistica<\/b><span style=\"font-weight: 400\">. <\/span><\/p>\n<p>&nbsp;<\/p>\n<p><b>Settembre in relax al Lago di Garda<\/b><\/p>\n<p><span style=\"font-weight: 400\">Il lago di Garda \u00e8 un\u2019idea vacanza per le<\/span><b> famiglie<\/b><span style=\"font-weight: 400\">, ma anche per le <\/span><b>coppie <\/b><span style=\"font-weight: 400\">che desiderano passare una vacanza, o anche un weekend, in completo relax. Il lago di Garda si caratterizza per i borghi, per la sua atmosfera rilassante e anche per le <\/span><b>aree termali<\/b><span style=\"font-weight: 400\">. Le offerte propongono l\u2019accesso alle spiagge nonch\u00e9 ai centri termali.<\/span><\/p>\n<p>&nbsp;<\/p>\n<p><b>Vacanze all\u2019insegna dell\u2019arte<\/b><\/p>\n<p><span style=\"font-weight: 400\">Se invece preferite una vacanza all\u2019insegna dell\u2019arte e della cultura, La Toscana \u00e8 una meta ideale! <\/span><b>Firenze <\/b><span style=\"font-weight: 400\">in particolare \u00e8<\/span><span style=\"font-weight: 400\">\u00a0la citt\u00e0 culla del Rinascimento italiano, dove \u00a0storia, arte e \u00a0tradizione enogastronomica si fondono in un mix affascinante. Le vie dei centri storici sono una forte attrattiva, grazie ai palazzi rinascimentali. Il 6 settembre, inoltre, potrete visitare il grandissimo Mercato di Santa Maria novella, si tratta del famoso <\/span><b><i>Mercantale.<\/i><\/b><\/p>\n<p>&nbsp;<\/p>\n<p><span style=\"font-weight: 400\">Un piccolo consiglio: giocate d\u2019anticipo e prenotate gi\u00e0 da ora le vacanze settembrine, per avere una scelta pi\u00f9 ampia e prezzi pi\u00f9 convenienti!<\/span><\/p>\n<p>&nbsp;<\/p>\n<p>&nbsp;<\/p>\n","protected":false},"excerpt":{"rendered":"<p>Molti italiani non hanno la possibilit\u00e0 di assentarsi dal lavoro e dagli impegni in piena stagione e sono costretti a fare le ferie durante il mese di settembre. Se per molti questo \u00e8 un ripiego, in realt\u00e0 fare le vacanze estive nel mese di settembre presenta dei \u00a0vantaggi, primo fra tutti la convenienza. Noi di [&hellip;]<\/p>\n","protected":false},"author":3,"featured_media":4965,"comment_status":"open","ping_status":"open","sticky":false,"template":"","format":"standard","meta":[],"categories":[1177],"tags":[],"yoast_head":"<!-- This site is optimized with the Yoast SEO plugin v20.7 - https:\/\/yoast.com\/wordpress\/plugins\/seo\/ -->\n<title>Vacanze di settembre: le mete italiane low-cost<\/title>\n<meta name=\"description\" content=\"Molti italiani non hanno la possibilit\u00e0 di assentarsi dal lavoro e dagli impegni in piena stagione e sono costretti a fare le ferie durante il mese di\" \/>\n<meta name=\"robots\" content=\"index, follow, max-snippet:-1, max-image-preview:large, max-video-preview:-1\" \/>\n<link rel=\"canonical\" href=\"https:\/\/www.benessereviaggi.it\/blog\/vacanze-di-settembre-le-mete-italiane-low-cost\/4964\/\" \/>\n<meta property=\"og:locale\" content=\"it_IT\" \/>\n<meta property=\"og:type\" content=\"article\" \/>\n<meta property=\"og:title\" content=\"Vacanze di settembre: le mete italiane low-cost\" \/>\n<meta property=\"og:description\" content=\"Molti italiani non hanno la possibilit\u00e0 di assentarsi dal lavoro e dagli impegni in piena stagione e sono costretti a fare le ferie durante il mese di\" \/>\n<meta property=\"og:url\" content=\"https:\/\/www.benessereviaggi.it\/blog\/vacanze-di-settembre-le-mete-italiane-low-cost\/4964\/\" \/>\n<meta property=\"og:site_name\" content=\"BenessereViaggi Blog\" \/>\n<meta property=\"article:publisher\" content=\"https:\/\/www.facebook.com\/benessereviaggi.it\" \/>\n<meta property=\"article:published_time\" content=\"2015-08-13T07:38:20+00:00\" \/>\n<meta property=\"article:modified_time\" content=\"2018-03-14T09:36:10+00:00\" \/>\n<meta property=\"og:image\" content=\"https:\/\/www.benessereviaggi.it\/blog\/wp-content\/uploads\/2015\/08\/Fotolia_70243103_Subscription_Monthly_M.jpg\" \/>\n\t<meta property=\"og:image:width\" content=\"1688\" \/>\n\t<meta property=\"og:image:height\" content=\"1126\" \/>\n\t<meta property=\"og:image:type\" content=\"image\/jpeg\" \/>\n<meta name=\"author\" content=\"Giusi Lombardo\" \/>\n<meta name=\"twitter:card\" content=\"summary_large_image\" \/>\n<meta name=\"twitter:creator\" content=\"@viaggibenessere\" \/>\n<meta name=\"twitter:site\" content=\"@viaggibenessere\" \/>\n<meta name=\"twitter:label1\" content=\"Scritto da\" \/>\n\t<meta name=\"twitter:data1\" content=\"Giusi Lombardo\" \/>\n\t<meta name=\"twitter:label2\" content=\"Tempo di lettura stimato\" \/>\n\t<meta name=\"twitter:data2\" content=\"2 minuti\" \/>\n<script type=\"application\/ld+json\" class=\"yoast-schema-graph\">{\"@context\":\"https:\/\/schema.org\",\"@graph\":[{\"@type\":\"WebPage\",\"@id\":\"https:\/\/www.benessereviaggi.it\/blog\/vacanze-di-settembre-le-mete-italiane-low-cost\/4964\/\",\"url\":\"https:\/\/www.benessereviaggi.it\/blog\/vacanze-di-settembre-le-mete-italiane-low-cost\/4964\/\",\"name\":\"Vacanze di settembre: le mete italiane low-cost\",\"isPartOf\":{\"@id\":\"https:\/\/www.benessereviaggi.it\/blog\/#website\"},\"datePublished\":\"2015-08-13T07:38:20+00:00\",\"dateModified\":\"2018-03-14T09:36:10+00:00\",\"author\":{\"@id\":\"https:\/\/www.benessereviaggi.it\/blog\/#\/schema\/person\/295fbb0c9847759f8dce9e06be8599c4\"},\"description\":\"Molti italiani non hanno la possibilit\u00e0 di assentarsi dal lavoro e dagli impegni in piena stagione e sono costretti a fare le ferie durante il mese di\",\"breadcrumb\":{\"@id\":\"https:\/\/www.benessereviaggi.it\/blog\/vacanze-di-settembre-le-mete-italiane-low-cost\/4964\/#breadcrumb\"},\"inLanguage\":\"it-IT\",\"potentialAction\":[{\"@type\":\"ReadAction\",\"target\":[\"https:\/\/www.benessereviaggi.it\/blog\/vacanze-di-settembre-le-mete-italiane-low-cost\/4964\/\"]}]},{\"@type\":\"BreadcrumbList\",\"@id\":\"https:\/\/www.benessereviaggi.it\/blog\/vacanze-di-settembre-le-mete-italiane-low-cost\/4964\/#breadcrumb\",\"itemListElement\":[{\"@type\":\"ListItem\",\"position\":1,\"name\":\"Home\",\"item\":\"https:\/\/www.benessereviaggi.it\/blog\/\"},{\"@type\":\"ListItem\",\"position\":2,\"name\":\"Vacanze di settembre: le mete italiane low-cost\"}]},{\"@type\":\"WebSite\",\"@id\":\"https:\/\/www.benessereviaggi.it\/blog\/#website\",\"url\":\"https:\/\/www.benessereviaggi.it\/blog\/\",\"name\":\"BenessereViaggi Blog\",\"description\":\"\",\"potentialAction\":[{\"@type\":\"SearchAction\",\"target\":{\"@type\":\"EntryPoint\",\"urlTemplate\":\"https:\/\/www.benessereviaggi.it\/blog\/?s={search_term_string}\"},\"query-input\":\"required name=search_term_string\"}],\"inLanguage\":\"it-IT\"},{\"@type\":\"Person\",\"@id\":\"https:\/\/www.benessereviaggi.it\/blog\/#\/schema\/person\/295fbb0c9847759f8dce9e06be8599c4\",\"name\":\"Giusi Lombardo\",\"image\":{\"@type\":\"ImageObject\",\"inLanguage\":\"it-IT\",\"@id\":\"https:\/\/www.benessereviaggi.it\/blog\/#\/schema\/person\/image\/\",\"url\":\"https:\/\/secure.gravatar.com\/avatar\/f8bc5e6a83cd4e17b32209c50f3a521f?s=96&d=mm&r=g\",\"contentUrl\":\"https:\/\/secure.gravatar.com\/avatar\/f8bc5e6a83cd4e17b32209c50f3a521f?s=96&d=mm&r=g\",\"caption\":\"Giusi Lombardo\"},\"description\":\"Appassionata e Amante del benessere a 360\u00b0. Amo scrivere e condividere tutto quello che so.\",\"sameAs\":[\"https:\/\/plus.google.com\/108595440605305072210?rel=author\"],\"url\":\"https:\/\/www.benessereviaggi.it\/blog\/author\/giusi\/\"}]}<\/script>\n<!-- \/ Yoast SEO plugin. -->","yoast_head_json":{"title":"Vacanze di settembre: le mete italiane low-cost","description":"Molti italiani non hanno la possibilit\u00e0 di assentarsi dal lavoro e dagli impegni in piena stagione e sono costretti a fare le ferie durante il mese di","robots":{"index":"index","follow":"follow","max-snippet":"max-snippet:-1","max-image-preview":"max-image-preview:large","max-video-preview":"max-video-preview:-1"},"canonical":"https:\/\/www.benessereviaggi.it\/blog\/vacanze-di-settembre-le-mete-italiane-low-cost\/4964\/","og_locale":"it_IT","og_type":"article","og_title":"Vacanze di settembre: le mete italiane low-cost","og_description":"Molti italiani non hanno la possibilit\u00e0 di assentarsi dal lavoro e dagli impegni in piena stagione e sono costretti a fare le ferie durante il mese di","og_url":"https:\/\/www.benessereviaggi.it\/blog\/vacanze-di-settembre-le-mete-italiane-low-cost\/4964\/","og_site_name":"BenessereViaggi Blog","article_publisher":"https:\/\/www.facebook.com\/benessereviaggi.it","article_published_time":"2015-08-13T07:38:20+00:00","article_modified_time":"2018-03-14T09:36:10+00:00","og_image":[{"width":1688,"height":1126,"url":"https:\/\/www.benessereviaggi.it\/blog\/wp-content\/uploads\/2015\/08\/Fotolia_70243103_Subscription_Monthly_M.jpg","type":"image\/jpeg"}],"author":"Giusi Lombardo","twitter_card":"summary_large_image","twitter_creator":"@viaggibenessere","twitter_site":"@viaggibenessere","twitter_misc":{"Scritto da":"Giusi Lombardo","Tempo di lettura stimato":"2 minuti"},"schema":{"@context":"https:\/\/schema.org","@graph":[{"@type":"WebPage","@id":"https:\/\/www.benessereviaggi.it\/blog\/vacanze-di-settembre-le-mete-italiane-low-cost\/4964\/","url":"https:\/\/www.benessereviaggi.it\/blog\/vacanze-di-settembre-le-mete-italiane-low-cost\/4964\/","name":"Vacanze di settembre: le mete italiane low-cost","isPartOf":{"@id":"https:\/\/www.benessereviaggi.it\/blog\/#website"},"datePublished":"2015-08-13T07:38:20+00:00","dateModified":"2018-03-14T09:36:10+00:00","author":{"@id":"https:\/\/www.benessereviaggi.it\/blog\/#\/schema\/person\/295fbb0c9847759f8dce9e06be8599c4"},"description":"Molti italiani non hanno la possibilit\u00e0 di assentarsi dal lavoro e dagli impegni in piena stagione e sono costretti a fare le ferie durante il mese di","breadcrumb":{"@id":"https:\/\/www.benessereviaggi.it\/blog\/vacanze-di-settembre-le-mete-italiane-low-cost\/4964\/#breadcrumb"},"inLanguage":"it-IT","potentialAction":[{"@type":"ReadAction","target":["https:\/\/www.benessereviaggi.it\/blog\/vacanze-di-settembre-le-mete-italiane-low-cost\/4964\/"]}]},{"@type":"BreadcrumbList","@id":"https:\/\/www.benessereviaggi.it\/blog\/vacanze-di-settembre-le-mete-italiane-low-cost\/4964\/#breadcrumb","itemListElement":[{"@type":"ListItem","position":1,"name":"Home","item":"https:\/\/www.benessereviaggi.it\/blog\/"},{"@type":"ListItem","position":2,"name":"Vacanze di settembre: le mete italiane low-cost"}]},{"@type":"WebSite","@id":"https:\/\/www.benessereviaggi.it\/blog\/#website","url":"https:\/\/www.benessereviaggi.it\/blog\/","name":"BenessereViaggi Blog","description":"","potentialAction":[{"@type":"SearchAction","target":{"@type":"EntryPoint","urlTemplate":"https:\/\/www.benessereviaggi.it\/blog\/?s={search_term_string}"},"query-input":"required name=search_term_string"}],"inLanguage":"it-IT"},{"@type":"Person","@id":"https:\/\/www.benessereviaggi.it\/blog\/#\/schema\/person\/295fbb0c9847759f8dce9e06be8599c4","name":"Giusi Lombardo","image":{"@type":"ImageObject","inLanguage":"it-IT","@id":"https:\/\/www.benessereviaggi.it\/blog\/#\/schema\/person\/image\/","url":"https:\/\/secure.gravatar.com\/avatar\/f8bc5e6a83cd4e17b32209c50f3a521f?s=96&d=mm&r=g","contentUrl":"https:\/\/secure.gravatar.com\/avatar\/f8bc5e6a83cd4e17b32209c50f3a521f?s=96&d=mm&r=g","caption":"Giusi Lombardo"},"description":"Appassionata e Amante del benessere a 360\u00b0. Amo scrivere e condividere tutto quello che so.","sameAs":["https:\/\/plus.google.com\/108595440605305072210?rel=author"],"url":"https:\/\/www.benessereviaggi.it\/blog\/author\/giusi\/"}]}},"_links":{"self":[{"href":"https:\/\/www.benessereviaggi.it\/blog\/wp-json\/wp\/v2\/posts\/4964"}],"collection":[{"href":"https:\/\/www.benessereviaggi.it\/blog\/wp-json\/wp\/v2\/posts"}],"about":[{"href":"https:\/\/www.benessereviaggi.it\/blog\/wp-json\/wp\/v2\/types\/post"}],"author":[{"embeddable":true,"href":"https:\/\/www.benessereviaggi.it\/blog\/wp-json\/wp\/v2\/users\/3"}],"replies":[{"embeddable":true,"href":"https:\/\/www.benessereviaggi.it\/blog\/wp-json\/wp\/v2\/comments?post=4964"}],"version-history":[{"count":1,"href":"https:\/\/www.benessereviaggi.it\/blog\/wp-json\/wp\/v2\/posts\/4964\/revisions"}],"predecessor-version":[{"id":7912,"href":"https:\/\/www.benessereviaggi.it\/blog\/wp-json\/wp\/v2\/posts\/4964\/revisions\/7912"}],"wp:featuredmedia":[{"embeddable":true,"href":"https:\/\/www.benessereviaggi.it\/blog\/wp-json\/wp\/v2\/media\/4965"}],"wp:attachment":[{"href":"https:\/\/www.benessereviaggi.it\/blog\/wp-json\/wp\/v2\/media?parent=4964"}],"wp:term":[{"taxonomy":"category","embeddable":true,"href":"https:\/\/www.benessereviaggi.it\/blog\/wp-json\/wp\/v2\/categories?post=4964"},{"taxonomy":"post_tag","embeddable":true,"href":"https:\/\/www.benessereviaggi.it\/blog\/wp-json\/wp\/v2\/tags?post=4964"}],"curies":[{"name":"wp","href":"https:\/\/api.w.org\/{rel}","templated":true}]}}