{"id":4968,"date":"2015-08-24T09:11:11","date_gmt":"2015-08-24T08:11:11","guid":{"rendered":"https:\/\/blog.benessereviaggi.it\/?p=4968"},"modified":"2018-03-14T12:03:49","modified_gmt":"2018-03-14T11:03:49","slug":"trattamenti-benessere-ideali-per-il-post-vacanza","status":"publish","type":"post","link":"https:\/\/www.benessereviaggi.it\/blog\/trattamenti-benessere-ideali-per-il-post-vacanza\/4968\/","title":{"rendered":"trattamenti benessere ideali per il post vacanza"},"content":{"rendered":"<p>La stagione estiva non \u00e8 ancora terminata ma lo stesso non si pu\u00f2 dire per le vacanze, che per molti sono gi\u00e0 finite. Dopo il sole, il mare e il divertimento il nostro corpo ha bisogno di rigenerarsi ed essere nutrito. Il sole e l\u2019acqua del mare, infatti, tendono a disidratare la pelle e a seccare i capelli. Soprattutto per chi non ha avuto l\u2019accortezza di trattarli opportunamente prima e durante l\u2019esposizione solare, \u00e8 bene concedersi dei trattamenti che ridiano vitalit\u00e0 e lucentezza ai capelli ed elasticit\u00e0 e nutrimento alla pelle.<br \/>\nEcco allora una serie di trattamenti ideali per il post vacanza:<\/p>\n<ul>\n<li><strong>Bagno di Cleopatra per nutrire la pelle<\/strong><br \/>\nSi tratta di un trattamento effettuato sin dall\u2019antichit\u00e0 e che prende il nome dalla Regina Cleopatra che utilizzava il latte per avere una pelle morbida. Il bagno di Cleopatra, infatti, si svolge immergendosi in una vasca con<strong> latte, miele ed oli essenziali<\/strong>. Il latte migliore \u00e8 quello di capra e se vi preoccupa l\u2019odore, tranquilli: gli olii essenziali coprono e addolciscono l\u2019odore. Grazie alle propriet\u00e0 del latte, il trattamento \u00e8 particolarmente <strong>nutriente ed idratante<\/strong>, dunque<strong> l\u2019ideale per la pelle secca<\/strong>, mentre il miele \u00e8 addolcente, lenitivo e ammorbidente. Inoltre spesso il bagno \u00e8 effettuato sotto forma di idromassaggio: insomma relax completo!<\/li>\n<li><strong>Per i capelli lo shirobhyangam<\/strong><br \/>\nI trattamenti ideali per i capelli sono quelli ristrutturanti e rigeneranti, in particolare gli impacchi. Per un trattamento super-idratante vi consigliamo un <strong>impacco con olio di oliva e miele<\/strong> da tenere sui capelli per circa 15 minuti prima di un normale lavaggio. Inoltre per un effetto lucido e per rigenerare il cuoio capelluto vi consigliamo un <strong>massaggio per testa e capell<\/strong>i, lo shirobhyangam, che oltre a sfruttare le propriet\u00e0 degli oli essenziali con cui viene effettuato, stimola, grazie al massaggio al cuoio capelluto, la microcircolazione sanguigna, prevenendo la caduta dei capelli. Inoltre \u00e8 profondamente rilassante!<\/li>\n<\/ul>\n<ul>\n<li><strong>Per il viso il Mukhabhyangam,<\/strong><br \/>\nIl mukhabhyangam \u00e8 un <strong>massaggio ayurvedico specificatamente dedicato al viso<\/strong>. Viene effettuato con oli, erbe e preparati naturali e ha lo scopo di<strong> ridare alla pelle elasticit\u00e0 enutrimento<\/strong>. Dopo l\u2019estate \u00e8 bene associare al massaggio una maschera nutriente a base di olii, fiori e vegetali.<\/li>\n<\/ul>\n<p>Recandovi in un centro benessere specializzato potete inoltre trovare molti altri trattamenti ayurvedici dalle propriet\u00e0 rigenerati e idratanti, ideali per il post vacanze e, perch\u00e9 no, per far sembrare che la vacanza non sia ancora finita!<\/p>\n","protected":false},"excerpt":{"rendered":"<p>La stagione estiva non \u00e8 ancora terminata ma lo stesso non si pu\u00f2 dire per le vacanze, che per molti sono gi\u00e0 finite. Dopo il sole, il mare e il divertimento il nostro corpo ha bisogno di rigenerarsi ed essere nutrito. Il sole e l\u2019acqua del mare, infatti, tendono a disidratare la pelle e a [&hellip;]<\/p>\n","protected":false},"author":3,"featured_media":4969,"comment_status":"open","ping_status":"open","sticky":false,"template":"","format":"standard","meta":[],"categories":[1481],"tags":[],"yoast_head":"<!-- This site is optimized with the Yoast SEO plugin v20.7 - https:\/\/yoast.com\/wordpress\/plugins\/seo\/ -->\n<title>trattamenti benessere ideali per il post vacanza<\/title>\n<meta name=\"description\" content=\"La stagione estiva non \u00e8 ancora terminata ma lo stesso non si pu\u00f2 dire per le vacanze, che per molti sono gi\u00e0 finite. Dopo il sole, il mare e il\" \/>\n<meta name=\"robots\" content=\"index, follow, max-snippet:-1, max-image-preview:large, max-video-preview:-1\" \/>\n<link rel=\"canonical\" href=\"https:\/\/www.benessereviaggi.it\/blog\/trattamenti-benessere-ideali-per-il-post-vacanza\/4968\/\" \/>\n<meta property=\"og:locale\" content=\"it_IT\" \/>\n<meta property=\"og:type\" content=\"article\" \/>\n<meta property=\"og:title\" content=\"trattamenti benessere ideali per il post vacanza\" \/>\n<meta property=\"og:description\" content=\"La stagione estiva non \u00e8 ancora terminata ma lo stesso non si pu\u00f2 dire per le vacanze, che per molti sono gi\u00e0 finite. Dopo il sole, il mare e il\" \/>\n<meta property=\"og:url\" content=\"https:\/\/www.benessereviaggi.it\/blog\/trattamenti-benessere-ideali-per-il-post-vacanza\/4968\/\" \/>\n<meta property=\"og:site_name\" content=\"BenessereViaggi Blog\" \/>\n<meta property=\"article:publisher\" content=\"https:\/\/www.facebook.com\/benessereviaggi.it\" \/>\n<meta property=\"article:published_time\" content=\"2015-08-24T08:11:11+00:00\" \/>\n<meta property=\"article:modified_time\" content=\"2018-03-14T11:03:49+00:00\" \/>\n<meta property=\"og:image\" content=\"https:\/\/www.benessereviaggi.it\/blog\/wp-content\/uploads\/2015\/08\/Fotolia_66840591_Subscription_Monthly_M.jpg\" \/>\n\t<meta property=\"og:image:width\" content=\"1689\" \/>\n\t<meta property=\"og:image:height\" content=\"1125\" \/>\n\t<meta property=\"og:image:type\" content=\"image\/jpeg\" \/>\n<meta name=\"author\" content=\"Giusi Lombardo\" \/>\n<meta name=\"twitter:card\" content=\"summary_large_image\" \/>\n<meta name=\"twitter:creator\" content=\"@viaggibenessere\" \/>\n<meta name=\"twitter:site\" content=\"@viaggibenessere\" \/>\n<meta name=\"twitter:label1\" content=\"Scritto da\" \/>\n\t<meta name=\"twitter:data1\" content=\"Giusi Lombardo\" \/>\n\t<meta name=\"twitter:label2\" content=\"Tempo di lettura stimato\" \/>\n\t<meta name=\"twitter:data2\" content=\"2 minuti\" \/>\n<script type=\"application\/ld+json\" class=\"yoast-schema-graph\">{\"@context\":\"https:\/\/schema.org\",\"@graph\":[{\"@type\":\"WebPage\",\"@id\":\"https:\/\/www.benessereviaggi.it\/blog\/trattamenti-benessere-ideali-per-il-post-vacanza\/4968\/\",\"url\":\"https:\/\/www.benessereviaggi.it\/blog\/trattamenti-benessere-ideali-per-il-post-vacanza\/4968\/\",\"name\":\"trattamenti benessere ideali per il post vacanza\",\"isPartOf\":{\"@id\":\"https:\/\/www.benessereviaggi.it\/blog\/#website\"},\"datePublished\":\"2015-08-24T08:11:11+00:00\",\"dateModified\":\"2018-03-14T11:03:49+00:00\",\"author\":{\"@id\":\"https:\/\/www.benessereviaggi.it\/blog\/#\/schema\/person\/295fbb0c9847759f8dce9e06be8599c4\"},\"description\":\"La stagione estiva non \u00e8 ancora terminata ma lo stesso non si pu\u00f2 dire per le vacanze, che per molti sono gi\u00e0 finite. Dopo il sole, il mare e il\",\"breadcrumb\":{\"@id\":\"https:\/\/www.benessereviaggi.it\/blog\/trattamenti-benessere-ideali-per-il-post-vacanza\/4968\/#breadcrumb\"},\"inLanguage\":\"it-IT\",\"potentialAction\":[{\"@type\":\"ReadAction\",\"target\":[\"https:\/\/www.benessereviaggi.it\/blog\/trattamenti-benessere-ideali-per-il-post-vacanza\/4968\/\"]}]},{\"@type\":\"BreadcrumbList\",\"@id\":\"https:\/\/www.benessereviaggi.it\/blog\/trattamenti-benessere-ideali-per-il-post-vacanza\/4968\/#breadcrumb\",\"itemListElement\":[{\"@type\":\"ListItem\",\"position\":1,\"name\":\"Home\",\"item\":\"https:\/\/www.benessereviaggi.it\/blog\/\"},{\"@type\":\"ListItem\",\"position\":2,\"name\":\"trattamenti benessere ideali per il post vacanza\"}]},{\"@type\":\"WebSite\",\"@id\":\"https:\/\/www.benessereviaggi.it\/blog\/#website\",\"url\":\"https:\/\/www.benessereviaggi.it\/blog\/\",\"name\":\"BenessereViaggi Blog\",\"description\":\"\",\"potentialAction\":[{\"@type\":\"SearchAction\",\"target\":{\"@type\":\"EntryPoint\",\"urlTemplate\":\"https:\/\/www.benessereviaggi.it\/blog\/?s={search_term_string}\"},\"query-input\":\"required name=search_term_string\"}],\"inLanguage\":\"it-IT\"},{\"@type\":\"Person\",\"@id\":\"https:\/\/www.benessereviaggi.it\/blog\/#\/schema\/person\/295fbb0c9847759f8dce9e06be8599c4\",\"name\":\"Giusi Lombardo\",\"image\":{\"@type\":\"ImageObject\",\"inLanguage\":\"it-IT\",\"@id\":\"https:\/\/www.benessereviaggi.it\/blog\/#\/schema\/person\/image\/\",\"url\":\"https:\/\/secure.gravatar.com\/avatar\/f8bc5e6a83cd4e17b32209c50f3a521f?s=96&d=mm&r=g\",\"contentUrl\":\"https:\/\/secure.gravatar.com\/avatar\/f8bc5e6a83cd4e17b32209c50f3a521f?s=96&d=mm&r=g\",\"caption\":\"Giusi Lombardo\"},\"description\":\"Appassionata e Amante del benessere a 360\u00b0. Amo scrivere e condividere tutto quello che so.\",\"sameAs\":[\"https:\/\/plus.google.com\/108595440605305072210?rel=author\"],\"url\":\"https:\/\/www.benessereviaggi.it\/blog\/author\/giusi\/\"}]}<\/script>\n<!-- \/ Yoast SEO plugin. -->","yoast_head_json":{"title":"trattamenti benessere ideali per il post vacanza","description":"La stagione estiva non \u00e8 ancora terminata ma lo stesso non si pu\u00f2 dire per le vacanze, che per molti sono gi\u00e0 finite. Dopo il sole, il mare e il","robots":{"index":"index","follow":"follow","max-snippet":"max-snippet:-1","max-image-preview":"max-image-preview:large","max-video-preview":"max-video-preview:-1"},"canonical":"https:\/\/www.benessereviaggi.it\/blog\/trattamenti-benessere-ideali-per-il-post-vacanza\/4968\/","og_locale":"it_IT","og_type":"article","og_title":"trattamenti benessere ideali per il post vacanza","og_description":"La stagione estiva non \u00e8 ancora terminata ma lo stesso non si pu\u00f2 dire per le vacanze, che per molti sono gi\u00e0 finite. Dopo il sole, il mare e il","og_url":"https:\/\/www.benessereviaggi.it\/blog\/trattamenti-benessere-ideali-per-il-post-vacanza\/4968\/","og_site_name":"BenessereViaggi Blog","article_publisher":"https:\/\/www.facebook.com\/benessereviaggi.it","article_published_time":"2015-08-24T08:11:11+00:00","article_modified_time":"2018-03-14T11:03:49+00:00","og_image":[{"width":1689,"height":1125,"url":"https:\/\/www.benessereviaggi.it\/blog\/wp-content\/uploads\/2015\/08\/Fotolia_66840591_Subscription_Monthly_M.jpg","type":"image\/jpeg"}],"author":"Giusi Lombardo","twitter_card":"summary_large_image","twitter_creator":"@viaggibenessere","twitter_site":"@viaggibenessere","twitter_misc":{"Scritto da":"Giusi Lombardo","Tempo di lettura stimato":"2 minuti"},"schema":{"@context":"https:\/\/schema.org","@graph":[{"@type":"WebPage","@id":"https:\/\/www.benessereviaggi.it\/blog\/trattamenti-benessere-ideali-per-il-post-vacanza\/4968\/","url":"https:\/\/www.benessereviaggi.it\/blog\/trattamenti-benessere-ideali-per-il-post-vacanza\/4968\/","name":"trattamenti benessere ideali per il post vacanza","isPartOf":{"@id":"https:\/\/www.benessereviaggi.it\/blog\/#website"},"datePublished":"2015-08-24T08:11:11+00:00","dateModified":"2018-03-14T11:03:49+00:00","author":{"@id":"https:\/\/www.benessereviaggi.it\/blog\/#\/schema\/person\/295fbb0c9847759f8dce9e06be8599c4"},"description":"La stagione estiva non \u00e8 ancora terminata ma lo stesso non si pu\u00f2 dire per le vacanze, che per molti sono gi\u00e0 finite. Dopo il sole, il mare e il","breadcrumb":{"@id":"https:\/\/www.benessereviaggi.it\/blog\/trattamenti-benessere-ideali-per-il-post-vacanza\/4968\/#breadcrumb"},"inLanguage":"it-IT","potentialAction":[{"@type":"ReadAction","target":["https:\/\/www.benessereviaggi.it\/blog\/trattamenti-benessere-ideali-per-il-post-vacanza\/4968\/"]}]},{"@type":"BreadcrumbList","@id":"https:\/\/www.benessereviaggi.it\/blog\/trattamenti-benessere-ideali-per-il-post-vacanza\/4968\/#breadcrumb","itemListElement":[{"@type":"ListItem","position":1,"name":"Home","item":"https:\/\/www.benessereviaggi.it\/blog\/"},{"@type":"ListItem","position":2,"name":"trattamenti benessere ideali per il post vacanza"}]},{"@type":"WebSite","@id":"https:\/\/www.benessereviaggi.it\/blog\/#website","url":"https:\/\/www.benessereviaggi.it\/blog\/","name":"BenessereViaggi Blog","description":"","potentialAction":[{"@type":"SearchAction","target":{"@type":"EntryPoint","urlTemplate":"https:\/\/www.benessereviaggi.it\/blog\/?s={search_term_string}"},"query-input":"required name=search_term_string"}],"inLanguage":"it-IT"},{"@type":"Person","@id":"https:\/\/www.benessereviaggi.it\/blog\/#\/schema\/person\/295fbb0c9847759f8dce9e06be8599c4","name":"Giusi Lombardo","image":{"@type":"ImageObject","inLanguage":"it-IT","@id":"https:\/\/www.benessereviaggi.it\/blog\/#\/schema\/person\/image\/","url":"https:\/\/secure.gravatar.com\/avatar\/f8bc5e6a83cd4e17b32209c50f3a521f?s=96&d=mm&r=g","contentUrl":"https:\/\/secure.gravatar.com\/avatar\/f8bc5e6a83cd4e17b32209c50f3a521f?s=96&d=mm&r=g","caption":"Giusi Lombardo"},"description":"Appassionata e Amante del benessere a 360\u00b0. Amo scrivere e condividere tutto quello che so.","sameAs":["https:\/\/plus.google.com\/108595440605305072210?rel=author"],"url":"https:\/\/www.benessereviaggi.it\/blog\/author\/giusi\/"}]}},"_links":{"self":[{"href":"https:\/\/www.benessereviaggi.it\/blog\/wp-json\/wp\/v2\/posts\/4968"}],"collection":[{"href":"https:\/\/www.benessereviaggi.it\/blog\/wp-json\/wp\/v2\/posts"}],"about":[{"href":"https:\/\/www.benessereviaggi.it\/blog\/wp-json\/wp\/v2\/types\/post"}],"author":[{"embeddable":true,"href":"https:\/\/www.benessereviaggi.it\/blog\/wp-json\/wp\/v2\/users\/3"}],"replies":[{"embeddable":true,"href":"https:\/\/www.benessereviaggi.it\/blog\/wp-json\/wp\/v2\/comments?post=4968"}],"version-history":[{"count":1,"href":"https:\/\/www.benessereviaggi.it\/blog\/wp-json\/wp\/v2\/posts\/4968\/revisions"}],"predecessor-version":[{"id":7986,"href":"https:\/\/www.benessereviaggi.it\/blog\/wp-json\/wp\/v2\/posts\/4968\/revisions\/7986"}],"wp:featuredmedia":[{"embeddable":true,"href":"https:\/\/www.benessereviaggi.it\/blog\/wp-json\/wp\/v2\/media\/4969"}],"wp:attachment":[{"href":"https:\/\/www.benessereviaggi.it\/blog\/wp-json\/wp\/v2\/media?parent=4968"}],"wp:term":[{"taxonomy":"category","embeddable":true,"href":"https:\/\/www.benessereviaggi.it\/blog\/wp-json\/wp\/v2\/categories?post=4968"},{"taxonomy":"post_tag","embeddable":true,"href":"https:\/\/www.benessereviaggi.it\/blog\/wp-json\/wp\/v2\/tags?post=4968"}],"curies":[{"name":"wp","href":"https:\/\/api.w.org\/{rel}","templated":true}]}}