{"id":5168,"date":"2015-10-27T11:14:06","date_gmt":"2015-10-27T10:14:06","guid":{"rendered":"https:\/\/blog.benessereviaggi.it\/?p=5168"},"modified":"2018-03-14T12:01:29","modified_gmt":"2018-03-14T11:01:29","slug":"ottobre-mese-per-la-prevenzione-del-cancro-al-seno","status":"publish","type":"post","link":"https:\/\/www.benessereviaggi.it\/blog\/ottobre-mese-per-la-prevenzione-del-cancro-al-seno\/5168\/","title":{"rendered":"Ottobre: mese per la prevenzione del cancro al seno"},"content":{"rendered":"<p>\u00c8 proprio questo il mese della <strong>prevenzione del tumore al seno<\/strong>: tutto il mese di ottobre \u00e8 stato dedicato ad una campagna volta a sensibilizzare la popolazione femminile, e non, a fare prevenzione per sconfiggere uno dei tumori con maggiore incidenza su tutto il territorio.<\/p>\n<p>Tra le donne il cancro al seno \u00e8 il tumore pi\u00f9 frequente: colpisce il 25% delle donne e di tutti i decessi per causa oncologica, tra le donne, il 17% \u00e8 da attribuire proprio ad un tumore al seno. Sebbene i decessi, rispetto agli scorsi anni sia comunque diminuito, l\u2019incidenza del tumore, per via dell\u2019aumento dei fattori di rischio, sta avendo un incidenza sempre maggiore.<\/p>\n<p>Prevenire \u00e8 importante. Perch\u00e9? Perch\u00e9 <strong>scoprendo un tumore inferiore ad un centimetro di dimensioni, le probabilit\u00e0 di guarigione superano il 90%. <\/strong><\/p>\n<p>Lo ha spiegato <strong>Francesco Schittulli,<\/strong> presidente nazionale di <strong>LILT<\/strong>\u00a0(Lega Italiana\u00a0 per la Lotta contro i Tumori):<\/p>\n<p><em>&#8220;Oggi riusciamo a guarire oltre l&#8217; 80% di tutti i tipi di cancro al seno, ma potremmo arrivare a oltre il 90%, se utilizzassimo tutta la tecnologia avanzata, in particolare nel campo dell&#8217;imaging Ove, poi, tutte le donne dopo i 40 anni effettuassero ogni anno visita senologica, ecografia, mammografia e risonanza magnetica laddove occorra, potremmo arrivare addirittura ad oltre 90% di guarigioni. Diagnosticare un tumore quando \u00e8 ancora piccolissimo ci consente di vincere la battaglia, e il nostro obiettivo \u00e8 mortalit\u00e0 zero per il cancro al seno\u201d.<\/em><\/p>\n<p>Nasce proprio con lo scopo di incentivare le donne alla prevenzione l\u2018<strong>evento LILT FOR WOMEN &#8211; Campagna Nastro Rosa della Lega Italiana per la Lotta contro i Tumori<\/strong> (LILT). Siamo gi\u00e0 alla XXIII edizione e lo slogan di quest\u2019anno \u00e8 <em>\u201cFai prevenzione: proteggilo anche tu!\u201d.<\/em> Madrina dell\u2019evento Anna Tatangelo.<\/p>\n<p>La campagna \u00e8 stato avviata il 2 ottobre ad Expo, dalla LILT in collaborazione con Cascina Triulza, ma sono stati coinvolti anche molti espositori, quali Coldiretti, Save the Children, Lions Club International, Coop Lombardia, Plef, Anteas, San Donato Foundation, e i padiglioni di Messico, Angola, Indonesia, Gran Bretagna.<\/p>\n<p>L\u2019Expo ha dato spazio alla campagna ospitando programmi educativi che riguardassero Prevenzione Oncologica e Comportamento Alimentare gestiti dal Centro Luoghi di Prevenzione della Regione Emilia-Romagna. Simbolo della giornata il foulard rosa che donne e uomini hanno indossato per il corteo lungo il Decumano.<\/p>\n<p>Per stare a fianco al cittadino, la LILT mette a disposizione delle <strong>367 Punti Prevenzione e Ambulatori<\/strong><strong>\u00a0<\/strong>per fornire consulti, visite ed informazioni utili soprattutto in termini di prevenzione.<\/p>\n<p>Dunque informatevi e se avete superato i 25 anni effettuate i controlli diagnostici. E ricordate: la prevenzione non \u00e8 solo ad ottobre!<\/p>\n<p>Per avere maggiori informazioni consultate il sito <a href=\"http:\/\/www.lilt.it\/\">www.lilt.it<\/a>.<\/p>\n","protected":false},"excerpt":{"rendered":"<p>\u00c8 proprio questo il mese della prevenzione del tumore al seno: tutto il mese di ottobre \u00e8 stato dedicato ad una campagna volta a sensibilizzare la popolazione femminile, e non, a fare prevenzione per sconfiggere uno dei tumori con maggiore incidenza su tutto il territorio. Tra le donne il cancro al seno \u00e8 il tumore [&hellip;]<\/p>\n","protected":false},"author":3,"featured_media":5171,"comment_status":"open","ping_status":"open","sticky":false,"template":"","format":"standard","meta":[],"categories":[1481],"tags":[],"yoast_head":"<!-- This site is optimized with the Yoast SEO plugin v20.7 - https:\/\/yoast.com\/wordpress\/plugins\/seo\/ -->\n<title>Ottobre: mese per la prevenzione del cancro al seno<\/title>\n<meta name=\"description\" content=\"\u00c8 proprio questo il mese della prevenzione del tumore al seno: tutto il mese di ottobre \u00e8 stato dedicato ad una campagna volta a sensibilizzare la\" \/>\n<meta name=\"robots\" content=\"index, follow, max-snippet:-1, max-image-preview:large, max-video-preview:-1\" \/>\n<link rel=\"canonical\" href=\"https:\/\/www.benessereviaggi.it\/blog\/ottobre-mese-per-la-prevenzione-del-cancro-al-seno\/5168\/\" \/>\n<meta property=\"og:locale\" content=\"it_IT\" \/>\n<meta property=\"og:type\" content=\"article\" \/>\n<meta property=\"og:title\" content=\"Ottobre: mese per la prevenzione del cancro al seno\" \/>\n<meta property=\"og:description\" content=\"\u00c8 proprio questo il mese della prevenzione del tumore al seno: tutto il mese di ottobre \u00e8 stato dedicato ad una campagna volta a sensibilizzare la\" \/>\n<meta property=\"og:url\" content=\"https:\/\/www.benessereviaggi.it\/blog\/ottobre-mese-per-la-prevenzione-del-cancro-al-seno\/5168\/\" \/>\n<meta property=\"og:site_name\" content=\"BenessereViaggi Blog\" \/>\n<meta property=\"article:publisher\" content=\"https:\/\/www.facebook.com\/benessereviaggi.it\" \/>\n<meta property=\"article:published_time\" content=\"2015-10-27T10:14:06+00:00\" \/>\n<meta property=\"article:modified_time\" content=\"2018-03-14T11:01:29+00:00\" \/>\n<meta property=\"og:image\" content=\"https:\/\/www.benessereviaggi.it\/blog\/wp-content\/uploads\/2015\/10\/female-832266_640.jpg\" \/>\n\t<meta property=\"og:image:width\" content=\"640\" \/>\n\t<meta property=\"og:image:height\" content=\"425\" \/>\n\t<meta property=\"og:image:type\" content=\"image\/jpeg\" \/>\n<meta name=\"author\" content=\"Giusi Lombardo\" \/>\n<meta name=\"twitter:card\" content=\"summary_large_image\" \/>\n<meta name=\"twitter:creator\" content=\"@viaggibenessere\" \/>\n<meta name=\"twitter:site\" content=\"@viaggibenessere\" \/>\n<meta name=\"twitter:label1\" content=\"Scritto da\" \/>\n\t<meta name=\"twitter:data1\" content=\"Giusi Lombardo\" \/>\n\t<meta name=\"twitter:label2\" content=\"Tempo di lettura stimato\" \/>\n\t<meta name=\"twitter:data2\" content=\"2 minuti\" \/>\n<script type=\"application\/ld+json\" class=\"yoast-schema-graph\">{\"@context\":\"https:\/\/schema.org\",\"@graph\":[{\"@type\":\"WebPage\",\"@id\":\"https:\/\/www.benessereviaggi.it\/blog\/ottobre-mese-per-la-prevenzione-del-cancro-al-seno\/5168\/\",\"url\":\"https:\/\/www.benessereviaggi.it\/blog\/ottobre-mese-per-la-prevenzione-del-cancro-al-seno\/5168\/\",\"name\":\"Ottobre: mese per la prevenzione del cancro al seno\",\"isPartOf\":{\"@id\":\"https:\/\/www.benessereviaggi.it\/blog\/#website\"},\"datePublished\":\"2015-10-27T10:14:06+00:00\",\"dateModified\":\"2018-03-14T11:01:29+00:00\",\"author\":{\"@id\":\"https:\/\/www.benessereviaggi.it\/blog\/#\/schema\/person\/295fbb0c9847759f8dce9e06be8599c4\"},\"description\":\"\u00c8 proprio questo il mese della prevenzione del tumore al seno: tutto il mese di ottobre \u00e8 stato dedicato ad una campagna volta a sensibilizzare la\",\"breadcrumb\":{\"@id\":\"https:\/\/www.benessereviaggi.it\/blog\/ottobre-mese-per-la-prevenzione-del-cancro-al-seno\/5168\/#breadcrumb\"},\"inLanguage\":\"it-IT\",\"potentialAction\":[{\"@type\":\"ReadAction\",\"target\":[\"https:\/\/www.benessereviaggi.it\/blog\/ottobre-mese-per-la-prevenzione-del-cancro-al-seno\/5168\/\"]}]},{\"@type\":\"BreadcrumbList\",\"@id\":\"https:\/\/www.benessereviaggi.it\/blog\/ottobre-mese-per-la-prevenzione-del-cancro-al-seno\/5168\/#breadcrumb\",\"itemListElement\":[{\"@type\":\"ListItem\",\"position\":1,\"name\":\"Home\",\"item\":\"https:\/\/www.benessereviaggi.it\/blog\/\"},{\"@type\":\"ListItem\",\"position\":2,\"name\":\"Ottobre: mese per la prevenzione del cancro al seno\"}]},{\"@type\":\"WebSite\",\"@id\":\"https:\/\/www.benessereviaggi.it\/blog\/#website\",\"url\":\"https:\/\/www.benessereviaggi.it\/blog\/\",\"name\":\"BenessereViaggi Blog\",\"description\":\"\",\"potentialAction\":[{\"@type\":\"SearchAction\",\"target\":{\"@type\":\"EntryPoint\",\"urlTemplate\":\"https:\/\/www.benessereviaggi.it\/blog\/?s={search_term_string}\"},\"query-input\":\"required name=search_term_string\"}],\"inLanguage\":\"it-IT\"},{\"@type\":\"Person\",\"@id\":\"https:\/\/www.benessereviaggi.it\/blog\/#\/schema\/person\/295fbb0c9847759f8dce9e06be8599c4\",\"name\":\"Giusi Lombardo\",\"image\":{\"@type\":\"ImageObject\",\"inLanguage\":\"it-IT\",\"@id\":\"https:\/\/www.benessereviaggi.it\/blog\/#\/schema\/person\/image\/\",\"url\":\"https:\/\/secure.gravatar.com\/avatar\/f8bc5e6a83cd4e17b32209c50f3a521f?s=96&d=mm&r=g\",\"contentUrl\":\"https:\/\/secure.gravatar.com\/avatar\/f8bc5e6a83cd4e17b32209c50f3a521f?s=96&d=mm&r=g\",\"caption\":\"Giusi Lombardo\"},\"description\":\"Appassionata e Amante del benessere a 360\u00b0. Amo scrivere e condividere tutto quello che so.\",\"sameAs\":[\"https:\/\/plus.google.com\/108595440605305072210?rel=author\"],\"url\":\"https:\/\/www.benessereviaggi.it\/blog\/author\/giusi\/\"}]}<\/script>\n<!-- \/ Yoast SEO plugin. -->","yoast_head_json":{"title":"Ottobre: mese per la prevenzione del cancro al seno","description":"\u00c8 proprio questo il mese della prevenzione del tumore al seno: tutto il mese di ottobre \u00e8 stato dedicato ad una campagna volta a sensibilizzare la","robots":{"index":"index","follow":"follow","max-snippet":"max-snippet:-1","max-image-preview":"max-image-preview:large","max-video-preview":"max-video-preview:-1"},"canonical":"https:\/\/www.benessereviaggi.it\/blog\/ottobre-mese-per-la-prevenzione-del-cancro-al-seno\/5168\/","og_locale":"it_IT","og_type":"article","og_title":"Ottobre: mese per la prevenzione del cancro al seno","og_description":"\u00c8 proprio questo il mese della prevenzione del tumore al seno: tutto il mese di ottobre \u00e8 stato dedicato ad una campagna volta a sensibilizzare la","og_url":"https:\/\/www.benessereviaggi.it\/blog\/ottobre-mese-per-la-prevenzione-del-cancro-al-seno\/5168\/","og_site_name":"BenessereViaggi Blog","article_publisher":"https:\/\/www.facebook.com\/benessereviaggi.it","article_published_time":"2015-10-27T10:14:06+00:00","article_modified_time":"2018-03-14T11:01:29+00:00","og_image":[{"width":640,"height":425,"url":"https:\/\/www.benessereviaggi.it\/blog\/wp-content\/uploads\/2015\/10\/female-832266_640.jpg","type":"image\/jpeg"}],"author":"Giusi Lombardo","twitter_card":"summary_large_image","twitter_creator":"@viaggibenessere","twitter_site":"@viaggibenessere","twitter_misc":{"Scritto da":"Giusi Lombardo","Tempo di lettura stimato":"2 minuti"},"schema":{"@context":"https:\/\/schema.org","@graph":[{"@type":"WebPage","@id":"https:\/\/www.benessereviaggi.it\/blog\/ottobre-mese-per-la-prevenzione-del-cancro-al-seno\/5168\/","url":"https:\/\/www.benessereviaggi.it\/blog\/ottobre-mese-per-la-prevenzione-del-cancro-al-seno\/5168\/","name":"Ottobre: mese per la prevenzione del cancro al seno","isPartOf":{"@id":"https:\/\/www.benessereviaggi.it\/blog\/#website"},"datePublished":"2015-10-27T10:14:06+00:00","dateModified":"2018-03-14T11:01:29+00:00","author":{"@id":"https:\/\/www.benessereviaggi.it\/blog\/#\/schema\/person\/295fbb0c9847759f8dce9e06be8599c4"},"description":"\u00c8 proprio questo il mese della prevenzione del tumore al seno: tutto il mese di ottobre \u00e8 stato dedicato ad una campagna volta a sensibilizzare la","breadcrumb":{"@id":"https:\/\/www.benessereviaggi.it\/blog\/ottobre-mese-per-la-prevenzione-del-cancro-al-seno\/5168\/#breadcrumb"},"inLanguage":"it-IT","potentialAction":[{"@type":"ReadAction","target":["https:\/\/www.benessereviaggi.it\/blog\/ottobre-mese-per-la-prevenzione-del-cancro-al-seno\/5168\/"]}]},{"@type":"BreadcrumbList","@id":"https:\/\/www.benessereviaggi.it\/blog\/ottobre-mese-per-la-prevenzione-del-cancro-al-seno\/5168\/#breadcrumb","itemListElement":[{"@type":"ListItem","position":1,"name":"Home","item":"https:\/\/www.benessereviaggi.it\/blog\/"},{"@type":"ListItem","position":2,"name":"Ottobre: mese per la prevenzione del cancro al seno"}]},{"@type":"WebSite","@id":"https:\/\/www.benessereviaggi.it\/blog\/#website","url":"https:\/\/www.benessereviaggi.it\/blog\/","name":"BenessereViaggi Blog","description":"","potentialAction":[{"@type":"SearchAction","target":{"@type":"EntryPoint","urlTemplate":"https:\/\/www.benessereviaggi.it\/blog\/?s={search_term_string}"},"query-input":"required name=search_term_string"}],"inLanguage":"it-IT"},{"@type":"Person","@id":"https:\/\/www.benessereviaggi.it\/blog\/#\/schema\/person\/295fbb0c9847759f8dce9e06be8599c4","name":"Giusi Lombardo","image":{"@type":"ImageObject","inLanguage":"it-IT","@id":"https:\/\/www.benessereviaggi.it\/blog\/#\/schema\/person\/image\/","url":"https:\/\/secure.gravatar.com\/avatar\/f8bc5e6a83cd4e17b32209c50f3a521f?s=96&d=mm&r=g","contentUrl":"https:\/\/secure.gravatar.com\/avatar\/f8bc5e6a83cd4e17b32209c50f3a521f?s=96&d=mm&r=g","caption":"Giusi Lombardo"},"description":"Appassionata e Amante del benessere a 360\u00b0. Amo scrivere e condividere tutto quello che so.","sameAs":["https:\/\/plus.google.com\/108595440605305072210?rel=author"],"url":"https:\/\/www.benessereviaggi.it\/blog\/author\/giusi\/"}]}},"_links":{"self":[{"href":"https:\/\/www.benessereviaggi.it\/blog\/wp-json\/wp\/v2\/posts\/5168"}],"collection":[{"href":"https:\/\/www.benessereviaggi.it\/blog\/wp-json\/wp\/v2\/posts"}],"about":[{"href":"https:\/\/www.benessereviaggi.it\/blog\/wp-json\/wp\/v2\/types\/post"}],"author":[{"embeddable":true,"href":"https:\/\/www.benessereviaggi.it\/blog\/wp-json\/wp\/v2\/users\/3"}],"replies":[{"embeddable":true,"href":"https:\/\/www.benessereviaggi.it\/blog\/wp-json\/wp\/v2\/comments?post=5168"}],"version-history":[{"count":1,"href":"https:\/\/www.benessereviaggi.it\/blog\/wp-json\/wp\/v2\/posts\/5168\/revisions"}],"predecessor-version":[{"id":8257,"href":"https:\/\/www.benessereviaggi.it\/blog\/wp-json\/wp\/v2\/posts\/5168\/revisions\/8257"}],"wp:featuredmedia":[{"embeddable":true,"href":"https:\/\/www.benessereviaggi.it\/blog\/wp-json\/wp\/v2\/media\/5171"}],"wp:attachment":[{"href":"https:\/\/www.benessereviaggi.it\/blog\/wp-json\/wp\/v2\/media?parent=5168"}],"wp:term":[{"taxonomy":"category","embeddable":true,"href":"https:\/\/www.benessereviaggi.it\/blog\/wp-json\/wp\/v2\/categories?post=5168"},{"taxonomy":"post_tag","embeddable":true,"href":"https:\/\/www.benessereviaggi.it\/blog\/wp-json\/wp\/v2\/tags?post=5168"}],"curies":[{"name":"wp","href":"https:\/\/api.w.org\/{rel}","templated":true}]}}