{"id":6061,"date":"2016-08-10T13:30:52","date_gmt":"2016-08-10T12:30:52","guid":{"rendered":"https:\/\/blog.benessereviaggi.it\/?p=6061"},"modified":"2018-03-14T11:11:16","modified_gmt":"2018-03-14T10:11:16","slug":"scegliere-la-crema-solare-piu-adatta","status":"publish","type":"post","link":"https:\/\/www.benessereviaggi.it\/blog\/scegliere-la-crema-solare-piu-adatta\/6061\/","title":{"rendered":"Come scegliere la crema solare pi\u00f9 adatta"},"content":{"rendered":"<p>Un pelle abbronzata \u00e8 il desiderio di ogni donna durante l\u2019estate ma non basta esporsi al sole per ottenere i risultati sperati e, soprattutto, per farlo senza nuocere alla salute.<\/p>\n<p>Una buona abbronzatura infatti si ottiene se curiamo la pelle, nutrendola ed idratandola nel modo corretto e ricordando che varia in base al tipo di carnagione.<\/p>\n<p>Ma cos\u2019\u00e8 esattamente l\u2019abbronzatura e perch\u00e9 la nostra pelle si colora?<\/p>\n<p>Si tratta in realt\u00e0 di una <strong>difesa del nostro corpo<\/strong> <strong>ai raggi ultravioletti<\/strong>, i cosiddetti raggi UV e questo spiega ad esempio la carnagione di chi vive in zone molto calde, come quelle del contiene africano: la pelle scura protegge dall\u2019elevata radiazione solare. Quando ci si espone al sole la nostra epidermide reagisce producendo melanina, responsabile del colorito ambrato che si crea.<\/p>\n<h2>Raggi UVA e UVB<\/h2>\n<p>Sui raggi UVA e UVB c\u2019\u00e8 un po\u2019 di confusione. Chiariamo subito allora che <strong>i primi sono raggi che giungono in profondit\u00e0<\/strong> dell\u2019epidermide e sono molto dannosi, mentre <strong>i secondi restano in superficie<\/strong> e sono loro che stimolano la produzione di melanina.<\/p>\n<p>Questo non vuol dire che dai raggi UVB non serva proteggersi. Al contrario nei primi giorni di esposizione essi sono responsabili di scottature ed eritemi. Ecco perch\u00e9, se nei primi giorni bisogna difendersi dai raggi UVB che restano in superficie, nel periodo seguente \u00e8 necessario passare ad una difesa pi\u00f9 profonda contro i raggi UVA.<\/p>\n<h2>Scegliere la crema: il fattore di protezione solare e prodotti naturali<\/h2>\n<p>La crema solare va scelta in base <strong>fattore di protezione spf,<\/strong> che \u00e8 variabile da 6 a 50, e da scegliere in base al tipo di pelle.<\/p>\n<p>Oltre alla protezione bisogna guardare gli ingredienti: scegliete <strong>creme naturali senza parabeni<\/strong>, <strong>nickel <\/strong>ed anche peg, siliconi, profumi di origine sintetica.<\/p>\n<p>Inoltre per nutrire ed idratare la pelle (fase importantissima) \u00e8 bene optare per prodotti con materie prime di origine vegetale: gli\u00a0<strong>oli\u00a0di mandorla, jojoba, argan o oliva<\/strong> sono tra i migliori.<\/p>\n<h2>Scegliere la crema: filtri chimici e filtri fisici<\/h2>\n<p>I filtri possono essere di due tipi: chimici o fisici: i <strong>filtri chimici sono di origine sintetica,<\/strong> quindi prodotti in laboratorio; sono efficaci ma si sta ancora studiando per valutare eventuali danni che apporterebbero al sistema endocrino.<\/p>\n<p><strong>I filtri fisici invece sono particelle minerali<\/strong>, come ossido di zinco, biossido di titanio; quelle che li contengono sono le creme che in genere lasciano la patina bianca ma che, con le ultime tecnologie, vengono micronizzati cos\u00ec da essere invisibili.<\/p>\n<p>I filtri fisici son o da preferire a quelli chimici, ma ricordate che, riflettono s\u00ec i raggi solari, ma trattengono una parte dei radicali liberi e per questo meglio optare per creme con sostanze antiossidanti, quindi quelle contenenti <strong>vitamina A e C,<\/strong> ad esempio.<\/p>\n<p>Un\u2019altra attenzione che si pu\u00f2 avere \u00e8 quella per <strong>creme a rilascio graduale,<\/strong> che consentono una pi\u00f9 lunga protezione.<\/p>\n","protected":false},"excerpt":{"rendered":"<p>Un pelle abbronzata \u00e8 il desiderio di ogni donna durante l\u2019estate ma non basta esporsi al sole per ottenere i risultati sperati e, soprattutto, per farlo senza nuocere alla salute. Una buona abbronzatura infatti si ottiene se curiamo la pelle, nutrendola ed idratandola nel modo corretto e ricordando che varia in base al tipo di [&hellip;]<\/p>\n","protected":false},"author":3,"featured_media":6064,"comment_status":"open","ping_status":"open","sticky":false,"template":"","format":"standard","meta":[],"categories":[1481],"tags":[],"yoast_head":"<!-- This site is optimized with the Yoast SEO plugin v20.7 - https:\/\/yoast.com\/wordpress\/plugins\/seo\/ -->\n<title>Come scegliere la crema solare pi\u00f9 adatta<\/title>\n<meta name=\"description\" content=\"Un pelle abbronzata \u00e8 il desiderio di ogni donna durante l\u2019estate ma non basta esporsi al sole per ottenere i risultati sperati e, soprattutto, per farlo\" \/>\n<meta name=\"robots\" content=\"index, follow, max-snippet:-1, max-image-preview:large, max-video-preview:-1\" \/>\n<link rel=\"canonical\" href=\"https:\/\/www.benessereviaggi.it\/blog\/scegliere-la-crema-solare-piu-adatta\/6061\/\" \/>\n<meta property=\"og:locale\" content=\"it_IT\" \/>\n<meta property=\"og:type\" content=\"article\" \/>\n<meta property=\"og:title\" content=\"Come scegliere la crema solare pi\u00f9 adatta\" \/>\n<meta property=\"og:description\" content=\"Un pelle abbronzata \u00e8 il desiderio di ogni donna durante l\u2019estate ma non basta esporsi al sole per ottenere i risultati sperati e, soprattutto, per farlo\" \/>\n<meta property=\"og:url\" content=\"https:\/\/www.benessereviaggi.it\/blog\/scegliere-la-crema-solare-piu-adatta\/6061\/\" \/>\n<meta property=\"og:site_name\" content=\"BenessereViaggi Blog\" \/>\n<meta property=\"article:publisher\" content=\"https:\/\/www.facebook.com\/benessereviaggi.it\" \/>\n<meta property=\"article:published_time\" content=\"2016-08-10T12:30:52+00:00\" \/>\n<meta property=\"article:modified_time\" content=\"2018-03-14T10:11:16+00:00\" \/>\n<meta property=\"og:image\" content=\"https:\/\/www.benessereviaggi.it\/blog\/wp-content\/uploads\/2016\/08\/sun-791524_640.jpg\" \/>\n\t<meta property=\"og:image:width\" content=\"640\" \/>\n\t<meta property=\"og:image:height\" content=\"426\" \/>\n\t<meta property=\"og:image:type\" content=\"image\/jpeg\" \/>\n<meta name=\"author\" content=\"Giusi Lombardo\" \/>\n<meta name=\"twitter:card\" content=\"summary_large_image\" \/>\n<meta name=\"twitter:creator\" content=\"@viaggibenessere\" \/>\n<meta name=\"twitter:site\" content=\"@viaggibenessere\" \/>\n<meta name=\"twitter:label1\" content=\"Scritto da\" \/>\n\t<meta name=\"twitter:data1\" content=\"Giusi Lombardo\" \/>\n\t<meta name=\"twitter:label2\" content=\"Tempo di lettura stimato\" \/>\n\t<meta name=\"twitter:data2\" content=\"2 minuti\" \/>\n<script type=\"application\/ld+json\" class=\"yoast-schema-graph\">{\"@context\":\"https:\/\/schema.org\",\"@graph\":[{\"@type\":\"WebPage\",\"@id\":\"https:\/\/www.benessereviaggi.it\/blog\/scegliere-la-crema-solare-piu-adatta\/6061\/\",\"url\":\"https:\/\/www.benessereviaggi.it\/blog\/scegliere-la-crema-solare-piu-adatta\/6061\/\",\"name\":\"Come scegliere la crema solare pi\u00f9 adatta\",\"isPartOf\":{\"@id\":\"https:\/\/www.benessereviaggi.it\/blog\/#website\"},\"datePublished\":\"2016-08-10T12:30:52+00:00\",\"dateModified\":\"2018-03-14T10:11:16+00:00\",\"author\":{\"@id\":\"https:\/\/www.benessereviaggi.it\/blog\/#\/schema\/person\/295fbb0c9847759f8dce9e06be8599c4\"},\"description\":\"Un pelle abbronzata \u00e8 il desiderio di ogni donna durante l\u2019estate ma non basta esporsi al sole per ottenere i risultati sperati e, soprattutto, per farlo\",\"breadcrumb\":{\"@id\":\"https:\/\/www.benessereviaggi.it\/blog\/scegliere-la-crema-solare-piu-adatta\/6061\/#breadcrumb\"},\"inLanguage\":\"it-IT\",\"potentialAction\":[{\"@type\":\"ReadAction\",\"target\":[\"https:\/\/www.benessereviaggi.it\/blog\/scegliere-la-crema-solare-piu-adatta\/6061\/\"]}]},{\"@type\":\"BreadcrumbList\",\"@id\":\"https:\/\/www.benessereviaggi.it\/blog\/scegliere-la-crema-solare-piu-adatta\/6061\/#breadcrumb\",\"itemListElement\":[{\"@type\":\"ListItem\",\"position\":1,\"name\":\"Home\",\"item\":\"https:\/\/www.benessereviaggi.it\/blog\/\"},{\"@type\":\"ListItem\",\"position\":2,\"name\":\"Come scegliere la crema solare pi\u00f9 adatta\"}]},{\"@type\":\"WebSite\",\"@id\":\"https:\/\/www.benessereviaggi.it\/blog\/#website\",\"url\":\"https:\/\/www.benessereviaggi.it\/blog\/\",\"name\":\"BenessereViaggi Blog\",\"description\":\"\",\"potentialAction\":[{\"@type\":\"SearchAction\",\"target\":{\"@type\":\"EntryPoint\",\"urlTemplate\":\"https:\/\/www.benessereviaggi.it\/blog\/?s={search_term_string}\"},\"query-input\":\"required name=search_term_string\"}],\"inLanguage\":\"it-IT\"},{\"@type\":\"Person\",\"@id\":\"https:\/\/www.benessereviaggi.it\/blog\/#\/schema\/person\/295fbb0c9847759f8dce9e06be8599c4\",\"name\":\"Giusi Lombardo\",\"image\":{\"@type\":\"ImageObject\",\"inLanguage\":\"it-IT\",\"@id\":\"https:\/\/www.benessereviaggi.it\/blog\/#\/schema\/person\/image\/\",\"url\":\"https:\/\/secure.gravatar.com\/avatar\/f8bc5e6a83cd4e17b32209c50f3a521f?s=96&d=mm&r=g\",\"contentUrl\":\"https:\/\/secure.gravatar.com\/avatar\/f8bc5e6a83cd4e17b32209c50f3a521f?s=96&d=mm&r=g\",\"caption\":\"Giusi Lombardo\"},\"description\":\"Appassionata e Amante del benessere a 360\u00b0. Amo scrivere e condividere tutto quello che so.\",\"sameAs\":[\"https:\/\/plus.google.com\/108595440605305072210?rel=author\"],\"url\":\"https:\/\/www.benessereviaggi.it\/blog\/author\/giusi\/\"}]}<\/script>\n<!-- \/ Yoast SEO plugin. -->","yoast_head_json":{"title":"Come scegliere la crema solare pi\u00f9 adatta","description":"Un pelle abbronzata \u00e8 il desiderio di ogni donna durante l\u2019estate ma non basta esporsi al sole per ottenere i risultati sperati e, soprattutto, per farlo","robots":{"index":"index","follow":"follow","max-snippet":"max-snippet:-1","max-image-preview":"max-image-preview:large","max-video-preview":"max-video-preview:-1"},"canonical":"https:\/\/www.benessereviaggi.it\/blog\/scegliere-la-crema-solare-piu-adatta\/6061\/","og_locale":"it_IT","og_type":"article","og_title":"Come scegliere la crema solare pi\u00f9 adatta","og_description":"Un pelle abbronzata \u00e8 il desiderio di ogni donna durante l\u2019estate ma non basta esporsi al sole per ottenere i risultati sperati e, soprattutto, per farlo","og_url":"https:\/\/www.benessereviaggi.it\/blog\/scegliere-la-crema-solare-piu-adatta\/6061\/","og_site_name":"BenessereViaggi Blog","article_publisher":"https:\/\/www.facebook.com\/benessereviaggi.it","article_published_time":"2016-08-10T12:30:52+00:00","article_modified_time":"2018-03-14T10:11:16+00:00","og_image":[{"width":640,"height":426,"url":"https:\/\/www.benessereviaggi.it\/blog\/wp-content\/uploads\/2016\/08\/sun-791524_640.jpg","type":"image\/jpeg"}],"author":"Giusi Lombardo","twitter_card":"summary_large_image","twitter_creator":"@viaggibenessere","twitter_site":"@viaggibenessere","twitter_misc":{"Scritto da":"Giusi Lombardo","Tempo di lettura stimato":"2 minuti"},"schema":{"@context":"https:\/\/schema.org","@graph":[{"@type":"WebPage","@id":"https:\/\/www.benessereviaggi.it\/blog\/scegliere-la-crema-solare-piu-adatta\/6061\/","url":"https:\/\/www.benessereviaggi.it\/blog\/scegliere-la-crema-solare-piu-adatta\/6061\/","name":"Come scegliere la crema solare pi\u00f9 adatta","isPartOf":{"@id":"https:\/\/www.benessereviaggi.it\/blog\/#website"},"datePublished":"2016-08-10T12:30:52+00:00","dateModified":"2018-03-14T10:11:16+00:00","author":{"@id":"https:\/\/www.benessereviaggi.it\/blog\/#\/schema\/person\/295fbb0c9847759f8dce9e06be8599c4"},"description":"Un pelle abbronzata \u00e8 il desiderio di ogni donna durante l\u2019estate ma non basta esporsi al sole per ottenere i risultati sperati e, soprattutto, per farlo","breadcrumb":{"@id":"https:\/\/www.benessereviaggi.it\/blog\/scegliere-la-crema-solare-piu-adatta\/6061\/#breadcrumb"},"inLanguage":"it-IT","potentialAction":[{"@type":"ReadAction","target":["https:\/\/www.benessereviaggi.it\/blog\/scegliere-la-crema-solare-piu-adatta\/6061\/"]}]},{"@type":"BreadcrumbList","@id":"https:\/\/www.benessereviaggi.it\/blog\/scegliere-la-crema-solare-piu-adatta\/6061\/#breadcrumb","itemListElement":[{"@type":"ListItem","position":1,"name":"Home","item":"https:\/\/www.benessereviaggi.it\/blog\/"},{"@type":"ListItem","position":2,"name":"Come scegliere la crema solare pi\u00f9 adatta"}]},{"@type":"WebSite","@id":"https:\/\/www.benessereviaggi.it\/blog\/#website","url":"https:\/\/www.benessereviaggi.it\/blog\/","name":"BenessereViaggi Blog","description":"","potentialAction":[{"@type":"SearchAction","target":{"@type":"EntryPoint","urlTemplate":"https:\/\/www.benessereviaggi.it\/blog\/?s={search_term_string}"},"query-input":"required name=search_term_string"}],"inLanguage":"it-IT"},{"@type":"Person","@id":"https:\/\/www.benessereviaggi.it\/blog\/#\/schema\/person\/295fbb0c9847759f8dce9e06be8599c4","name":"Giusi Lombardo","image":{"@type":"ImageObject","inLanguage":"it-IT","@id":"https:\/\/www.benessereviaggi.it\/blog\/#\/schema\/person\/image\/","url":"https:\/\/secure.gravatar.com\/avatar\/f8bc5e6a83cd4e17b32209c50f3a521f?s=96&d=mm&r=g","contentUrl":"https:\/\/secure.gravatar.com\/avatar\/f8bc5e6a83cd4e17b32209c50f3a521f?s=96&d=mm&r=g","caption":"Giusi Lombardo"},"description":"Appassionata e Amante del benessere a 360\u00b0. Amo scrivere e condividere tutto quello che so.","sameAs":["https:\/\/plus.google.com\/108595440605305072210?rel=author"],"url":"https:\/\/www.benessereviaggi.it\/blog\/author\/giusi\/"}]}},"_links":{"self":[{"href":"https:\/\/www.benessereviaggi.it\/blog\/wp-json\/wp\/v2\/posts\/6061"}],"collection":[{"href":"https:\/\/www.benessereviaggi.it\/blog\/wp-json\/wp\/v2\/posts"}],"about":[{"href":"https:\/\/www.benessereviaggi.it\/blog\/wp-json\/wp\/v2\/types\/post"}],"author":[{"embeddable":true,"href":"https:\/\/www.benessereviaggi.it\/blog\/wp-json\/wp\/v2\/users\/3"}],"replies":[{"embeddable":true,"href":"https:\/\/www.benessereviaggi.it\/blog\/wp-json\/wp\/v2\/comments?post=6061"}],"version-history":[{"count":1,"href":"https:\/\/www.benessereviaggi.it\/blog\/wp-json\/wp\/v2\/posts\/6061\/revisions"}],"predecessor-version":[{"id":7991,"href":"https:\/\/www.benessereviaggi.it\/blog\/wp-json\/wp\/v2\/posts\/6061\/revisions\/7991"}],"wp:featuredmedia":[{"embeddable":true,"href":"https:\/\/www.benessereviaggi.it\/blog\/wp-json\/wp\/v2\/media\/6064"}],"wp:attachment":[{"href":"https:\/\/www.benessereviaggi.it\/blog\/wp-json\/wp\/v2\/media?parent=6061"}],"wp:term":[{"taxonomy":"category","embeddable":true,"href":"https:\/\/www.benessereviaggi.it\/blog\/wp-json\/wp\/v2\/categories?post=6061"},{"taxonomy":"post_tag","embeddable":true,"href":"https:\/\/www.benessereviaggi.it\/blog\/wp-json\/wp\/v2\/tags?post=6061"}],"curies":[{"name":"wp","href":"https:\/\/api.w.org\/{rel}","templated":true}]}}