{"id":6390,"date":"2016-11-16T17:01:52","date_gmt":"2016-11-16T16:01:52","guid":{"rendered":"https:\/\/blog.benessereviaggi.it\/?p=6390"},"modified":"2018-03-14T11:28:19","modified_gmt":"2018-03-14T10:28:19","slug":"qualche-idea-ponte-dellimmacolata","status":"publish","type":"post","link":"https:\/\/www.benessereviaggi.it\/blog\/qualche-idea-ponte-dellimmacolata\/6390\/","title":{"rendered":"Qualche idea per il ponte dell&#8217;Immacolata!"},"content":{"rendered":"<p>Diciamo la verit\u00e0, le <strong>vacanze natalizie<\/strong> non per tutti sono effettivamente vacanze. C\u2019\u00e8 chi lavora, chi deve badare ai figli, chi deve ricevere i parenti e chi studiare. Se, per\u00f2, non si vuole rinunciare a qualche giorno di meritato relax in clima natalizio, si pu\u00f2 decidere di giocare in anticipo. Quando? A partire dalla <strong>Festa dell\u2019Immacolata<\/strong>. Entrati ufficialmente nel periodo natalizio, l\u20198 dicembre inizia infatti un ponte di 4 giorni, fino a giorno 11.<\/p>\n<p>Molti centri benessere e Spa offrono <strong>pacchetti appositamente studiati per il Ponte dell\u2019Immacolata,<\/strong> \u00a0per rilassarsi e godere di <strong>trattamenti benessere<\/strong> di qualit\u00e0.<\/p>\n<p>Ecco allora qualche suggerimento:<\/p>\n<p>Il <em>Nun Assisi Relais &amp; Spa Museum<\/em> ha previsto l\u2019offerta <a href=\"https:\/\/www.benessereviaggi.it\/hotels\/nun-assisi-relais-spa-museum-941\/offerte\/speciale-ponte-immacolata-rigenerarsi-prima-del-natale-per-3-notti-26892\/\">SPECIALE PONTE IMMACOLATA &#8211; RIGENERARSI PRIMA DEL NATALE PER 3 NOTTI.<\/a> Il pacchetto comprende per ogni persona <strong>tre pernottamenti<\/strong> in camera matrimoniale con colazione inclusa. La sera <strong>cena con pietanze tipiche umbre<\/strong> e vini presso <em>Eat Out Osteria Gourmet<\/em>, un pranzo con 2 portate da scegliere \u00e0 la carte e bevande escluse. E per coccolarsi \u00e8 previsto un <strong>percorso Nun Spa <\/strong>con tepidario, caldario, sudatorio, frigidario, piscina multi massaggio e vasca relax, <strong>angolo tisaneria e ampio giardino<\/strong>. Inoltre potrete godere di un <strong>massaggio corpo e viso \u2018su misura\u2019<\/strong> della durata di 50 minuti. \u00c8 possibile scegliere tra camera Deluxe, Suite, Suite Exclusive e Suite Privilege<\/p>\n<p><a href=\"https:\/\/www.benessereviaggi.it\/hotels\/hotel-firenze-terme-311\/offerte\/ponte-immacolata-alle-terme-di-abano-26562\/\">PONTE IMMACOLATA ALLE TERME DI ABANO<\/a> \u00e8 invece l\u2019offerta <em>dell\u2019Hotel Firenze Terme<\/em>, ad Abano Terme: dall\u20198 all\u201911 dicembre avrete 3 giorni con pensione completa. Il pacchetto benessere \u00e8 molto vasto: <strong>accesso alla sala fitness attrezzata<\/strong> Technogym e alle <strong>piscine termali<\/strong> interne ed esterne, dotate di lettini idromassaggio, <strong>cascate cervicali e idron\u00ecbikez<\/strong> con lettini a bordo piscina. \u00c8 prevista inoltre di venerd\u00ec e di sabato una seduta pomeridiana di acquagym con istruttrice e potrete accedere\u00a0<strong><em>all&#8217;Oasi dei Vapori<\/em><\/strong>: un\u2019area che include sauna finlandese, sauna romana, bagno turco, grotta fredda, doccia tropicale e zona relax. A scelta poi, <strong>un massaggio<\/strong> tra Linfodrenaggio, Antistress, Riflessologia Plantare, Anticellulite e Rassodante.<\/p>\n<p>Per godere a pieno dell\u2019atmosfera natalizia, presso l\u2019 <em>Hotel Colbricon Beauty &amp; Relax<\/em>, a S. Martino di Castrozza in Trentino potete scegliere il pacchetto <a href=\"https:\/\/www.benessereviaggi.it\/hotels\/hotel-colbricon-beauty-relax-631\/offerte\/offerte-ponte-immacolata-trentino-3-4-notti-da-255-00-12383\/\">OFFERTE PONTE IMMACOLATA TRENTINO<\/a>, che include la possibilit\u00e0 di visitare i bellissimi <strong>Mercatini natalizi di Siror<\/strong>. Il pacchetto comprende 3 o 4 pernotti dal 7 al 11 dicembre. All\u2019arrivo sarete accolti con <strong>dolci artigianali in camera.<\/strong> Quanto ai trattamenti: un <strong>bagno in culla alle erbe alpine<\/strong> e miscela di oli caldi e un <strong>massaggio rilassante<\/strong> corpo agli oli aromatici. Potete scegliere tra le stanza Romantic, Elegance o Junior Suite.<\/p>\n<p>Per altre idee, scopri tutte le\u00a0<a href=\"https:\/\/www.benessereviaggi.it\/calendario-del-benessere\/ponte-dell-immacolata\/\">offerte per il ponte dell\u2019Immacolata<\/a>!<\/p>\n","protected":false},"excerpt":{"rendered":"<p>Diciamo la verit\u00e0, le vacanze natalizie non per tutti sono effettivamente vacanze. C\u2019\u00e8 chi lavora, chi deve badare ai figli, chi deve ricevere i parenti e chi studiare. Se, per\u00f2, non si vuole rinunciare a qualche giorno di meritato relax in clima natalizio, si pu\u00f2 decidere di giocare in anticipo. Quando? A partire dalla Festa [&hellip;]<\/p>\n","protected":false},"author":3,"featured_media":6393,"comment_status":"open","ping_status":"open","sticky":false,"template":"","format":"standard","meta":[],"categories":[1177],"tags":[1433],"yoast_head":"<!-- This site is optimized with the Yoast SEO plugin v20.7 - https:\/\/yoast.com\/wordpress\/plugins\/seo\/ -->\n<title>Qualche idea per il ponte dell&#039;Immacolata!<\/title>\n<meta name=\"description\" content=\"Diciamo la verit\u00e0, le vacanze natalizie non per tutti sono effettivamente vacanze. C\u2019\u00e8 chi lavora, chi deve badare ai figli, chi deve ricevere i parenti e\" \/>\n<meta name=\"robots\" content=\"index, follow, max-snippet:-1, max-image-preview:large, max-video-preview:-1\" \/>\n<link rel=\"canonical\" href=\"https:\/\/www.benessereviaggi.it\/blog\/qualche-idea-ponte-dellimmacolata\/6390\/\" \/>\n<meta property=\"og:locale\" content=\"it_IT\" \/>\n<meta property=\"og:type\" content=\"article\" \/>\n<meta property=\"og:title\" content=\"Qualche idea per il ponte dell&#039;Immacolata!\" \/>\n<meta property=\"og:description\" content=\"Diciamo la verit\u00e0, le vacanze natalizie non per tutti sono effettivamente vacanze. C\u2019\u00e8 chi lavora, chi deve badare ai figli, chi deve ricevere i parenti e\" \/>\n<meta property=\"og:url\" content=\"https:\/\/www.benessereviaggi.it\/blog\/qualche-idea-ponte-dellimmacolata\/6390\/\" \/>\n<meta property=\"og:site_name\" content=\"BenessereViaggi Blog\" \/>\n<meta property=\"article:publisher\" content=\"https:\/\/www.facebook.com\/benessereviaggi.it\" \/>\n<meta property=\"article:published_time\" content=\"2016-11-16T16:01:52+00:00\" \/>\n<meta property=\"article:modified_time\" content=\"2018-03-14T10:28:19+00:00\" \/>\n<meta property=\"og:image\" content=\"https:\/\/www.benessereviaggi.it\/blog\/wp-content\/uploads\/2016\/11\/illuminated-1479168_640.jpg\" \/>\n\t<meta property=\"og:image:width\" content=\"640\" \/>\n\t<meta property=\"og:image:height\" content=\"425\" \/>\n\t<meta property=\"og:image:type\" content=\"image\/jpeg\" \/>\n<meta name=\"author\" content=\"Giusi Lombardo\" \/>\n<meta name=\"twitter:card\" content=\"summary_large_image\" \/>\n<meta name=\"twitter:creator\" content=\"@viaggibenessere\" \/>\n<meta name=\"twitter:site\" content=\"@viaggibenessere\" \/>\n<meta name=\"twitter:label1\" content=\"Scritto da\" \/>\n\t<meta name=\"twitter:data1\" content=\"Giusi Lombardo\" \/>\n\t<meta name=\"twitter:label2\" content=\"Tempo di lettura stimato\" \/>\n\t<meta name=\"twitter:data2\" content=\"2 minuti\" \/>\n<script type=\"application\/ld+json\" class=\"yoast-schema-graph\">{\"@context\":\"https:\/\/schema.org\",\"@graph\":[{\"@type\":\"WebPage\",\"@id\":\"https:\/\/www.benessereviaggi.it\/blog\/qualche-idea-ponte-dellimmacolata\/6390\/\",\"url\":\"https:\/\/www.benessereviaggi.it\/blog\/qualche-idea-ponte-dellimmacolata\/6390\/\",\"name\":\"Qualche idea per il ponte dell'Immacolata!\",\"isPartOf\":{\"@id\":\"https:\/\/www.benessereviaggi.it\/blog\/#website\"},\"datePublished\":\"2016-11-16T16:01:52+00:00\",\"dateModified\":\"2018-03-14T10:28:19+00:00\",\"author\":{\"@id\":\"https:\/\/www.benessereviaggi.it\/blog\/#\/schema\/person\/295fbb0c9847759f8dce9e06be8599c4\"},\"description\":\"Diciamo la verit\u00e0, le vacanze natalizie non per tutti sono effettivamente vacanze. C\u2019\u00e8 chi lavora, chi deve badare ai figli, chi deve ricevere i parenti e\",\"breadcrumb\":{\"@id\":\"https:\/\/www.benessereviaggi.it\/blog\/qualche-idea-ponte-dellimmacolata\/6390\/#breadcrumb\"},\"inLanguage\":\"it-IT\",\"potentialAction\":[{\"@type\":\"ReadAction\",\"target\":[\"https:\/\/www.benessereviaggi.it\/blog\/qualche-idea-ponte-dellimmacolata\/6390\/\"]}]},{\"@type\":\"BreadcrumbList\",\"@id\":\"https:\/\/www.benessereviaggi.it\/blog\/qualche-idea-ponte-dellimmacolata\/6390\/#breadcrumb\",\"itemListElement\":[{\"@type\":\"ListItem\",\"position\":1,\"name\":\"Home\",\"item\":\"https:\/\/www.benessereviaggi.it\/blog\/\"},{\"@type\":\"ListItem\",\"position\":2,\"name\":\"Qualche idea per il ponte dell&#8217;Immacolata!\"}]},{\"@type\":\"WebSite\",\"@id\":\"https:\/\/www.benessereviaggi.it\/blog\/#website\",\"url\":\"https:\/\/www.benessereviaggi.it\/blog\/\",\"name\":\"BenessereViaggi Blog\",\"description\":\"\",\"potentialAction\":[{\"@type\":\"SearchAction\",\"target\":{\"@type\":\"EntryPoint\",\"urlTemplate\":\"https:\/\/www.benessereviaggi.it\/blog\/?s={search_term_string}\"},\"query-input\":\"required name=search_term_string\"}],\"inLanguage\":\"it-IT\"},{\"@type\":\"Person\",\"@id\":\"https:\/\/www.benessereviaggi.it\/blog\/#\/schema\/person\/295fbb0c9847759f8dce9e06be8599c4\",\"name\":\"Giusi Lombardo\",\"image\":{\"@type\":\"ImageObject\",\"inLanguage\":\"it-IT\",\"@id\":\"https:\/\/www.benessereviaggi.it\/blog\/#\/schema\/person\/image\/\",\"url\":\"https:\/\/secure.gravatar.com\/avatar\/f8bc5e6a83cd4e17b32209c50f3a521f?s=96&d=mm&r=g\",\"contentUrl\":\"https:\/\/secure.gravatar.com\/avatar\/f8bc5e6a83cd4e17b32209c50f3a521f?s=96&d=mm&r=g\",\"caption\":\"Giusi Lombardo\"},\"description\":\"Appassionata e Amante del benessere a 360\u00b0. Amo scrivere e condividere tutto quello che so.\",\"sameAs\":[\"https:\/\/plus.google.com\/108595440605305072210?rel=author\"],\"url\":\"https:\/\/www.benessereviaggi.it\/blog\/author\/giusi\/\"}]}<\/script>\n<!-- \/ Yoast SEO plugin. -->","yoast_head_json":{"title":"Qualche idea per il ponte dell'Immacolata!","description":"Diciamo la verit\u00e0, le vacanze natalizie non per tutti sono effettivamente vacanze. C\u2019\u00e8 chi lavora, chi deve badare ai figli, chi deve ricevere i parenti e","robots":{"index":"index","follow":"follow","max-snippet":"max-snippet:-1","max-image-preview":"max-image-preview:large","max-video-preview":"max-video-preview:-1"},"canonical":"https:\/\/www.benessereviaggi.it\/blog\/qualche-idea-ponte-dellimmacolata\/6390\/","og_locale":"it_IT","og_type":"article","og_title":"Qualche idea per il ponte dell'Immacolata!","og_description":"Diciamo la verit\u00e0, le vacanze natalizie non per tutti sono effettivamente vacanze. C\u2019\u00e8 chi lavora, chi deve badare ai figli, chi deve ricevere i parenti e","og_url":"https:\/\/www.benessereviaggi.it\/blog\/qualche-idea-ponte-dellimmacolata\/6390\/","og_site_name":"BenessereViaggi Blog","article_publisher":"https:\/\/www.facebook.com\/benessereviaggi.it","article_published_time":"2016-11-16T16:01:52+00:00","article_modified_time":"2018-03-14T10:28:19+00:00","og_image":[{"width":640,"height":425,"url":"https:\/\/www.benessereviaggi.it\/blog\/wp-content\/uploads\/2016\/11\/illuminated-1479168_640.jpg","type":"image\/jpeg"}],"author":"Giusi Lombardo","twitter_card":"summary_large_image","twitter_creator":"@viaggibenessere","twitter_site":"@viaggibenessere","twitter_misc":{"Scritto da":"Giusi Lombardo","Tempo di lettura stimato":"2 minuti"},"schema":{"@context":"https:\/\/schema.org","@graph":[{"@type":"WebPage","@id":"https:\/\/www.benessereviaggi.it\/blog\/qualche-idea-ponte-dellimmacolata\/6390\/","url":"https:\/\/www.benessereviaggi.it\/blog\/qualche-idea-ponte-dellimmacolata\/6390\/","name":"Qualche idea per il ponte dell'Immacolata!","isPartOf":{"@id":"https:\/\/www.benessereviaggi.it\/blog\/#website"},"datePublished":"2016-11-16T16:01:52+00:00","dateModified":"2018-03-14T10:28:19+00:00","author":{"@id":"https:\/\/www.benessereviaggi.it\/blog\/#\/schema\/person\/295fbb0c9847759f8dce9e06be8599c4"},"description":"Diciamo la verit\u00e0, le vacanze natalizie non per tutti sono effettivamente vacanze. C\u2019\u00e8 chi lavora, chi deve badare ai figli, chi deve ricevere i parenti e","breadcrumb":{"@id":"https:\/\/www.benessereviaggi.it\/blog\/qualche-idea-ponte-dellimmacolata\/6390\/#breadcrumb"},"inLanguage":"it-IT","potentialAction":[{"@type":"ReadAction","target":["https:\/\/www.benessereviaggi.it\/blog\/qualche-idea-ponte-dellimmacolata\/6390\/"]}]},{"@type":"BreadcrumbList","@id":"https:\/\/www.benessereviaggi.it\/blog\/qualche-idea-ponte-dellimmacolata\/6390\/#breadcrumb","itemListElement":[{"@type":"ListItem","position":1,"name":"Home","item":"https:\/\/www.benessereviaggi.it\/blog\/"},{"@type":"ListItem","position":2,"name":"Qualche idea per il ponte dell&#8217;Immacolata!"}]},{"@type":"WebSite","@id":"https:\/\/www.benessereviaggi.it\/blog\/#website","url":"https:\/\/www.benessereviaggi.it\/blog\/","name":"BenessereViaggi Blog","description":"","potentialAction":[{"@type":"SearchAction","target":{"@type":"EntryPoint","urlTemplate":"https:\/\/www.benessereviaggi.it\/blog\/?s={search_term_string}"},"query-input":"required name=search_term_string"}],"inLanguage":"it-IT"},{"@type":"Person","@id":"https:\/\/www.benessereviaggi.it\/blog\/#\/schema\/person\/295fbb0c9847759f8dce9e06be8599c4","name":"Giusi Lombardo","image":{"@type":"ImageObject","inLanguage":"it-IT","@id":"https:\/\/www.benessereviaggi.it\/blog\/#\/schema\/person\/image\/","url":"https:\/\/secure.gravatar.com\/avatar\/f8bc5e6a83cd4e17b32209c50f3a521f?s=96&d=mm&r=g","contentUrl":"https:\/\/secure.gravatar.com\/avatar\/f8bc5e6a83cd4e17b32209c50f3a521f?s=96&d=mm&r=g","caption":"Giusi Lombardo"},"description":"Appassionata e Amante del benessere a 360\u00b0. Amo scrivere e condividere tutto quello che so.","sameAs":["https:\/\/plus.google.com\/108595440605305072210?rel=author"],"url":"https:\/\/www.benessereviaggi.it\/blog\/author\/giusi\/"}]}},"_links":{"self":[{"href":"https:\/\/www.benessereviaggi.it\/blog\/wp-json\/wp\/v2\/posts\/6390"}],"collection":[{"href":"https:\/\/www.benessereviaggi.it\/blog\/wp-json\/wp\/v2\/posts"}],"about":[{"href":"https:\/\/www.benessereviaggi.it\/blog\/wp-json\/wp\/v2\/types\/post"}],"author":[{"embeddable":true,"href":"https:\/\/www.benessereviaggi.it\/blog\/wp-json\/wp\/v2\/users\/3"}],"replies":[{"embeddable":true,"href":"https:\/\/www.benessereviaggi.it\/blog\/wp-json\/wp\/v2\/comments?post=6390"}],"version-history":[{"count":1,"href":"https:\/\/www.benessereviaggi.it\/blog\/wp-json\/wp\/v2\/posts\/6390\/revisions"}],"predecessor-version":[{"id":8075,"href":"https:\/\/www.benessereviaggi.it\/blog\/wp-json\/wp\/v2\/posts\/6390\/revisions\/8075"}],"wp:featuredmedia":[{"embeddable":true,"href":"https:\/\/www.benessereviaggi.it\/blog\/wp-json\/wp\/v2\/media\/6393"}],"wp:attachment":[{"href":"https:\/\/www.benessereviaggi.it\/blog\/wp-json\/wp\/v2\/media?parent=6390"}],"wp:term":[{"taxonomy":"category","embeddable":true,"href":"https:\/\/www.benessereviaggi.it\/blog\/wp-json\/wp\/v2\/categories?post=6390"},{"taxonomy":"post_tag","embeddable":true,"href":"https:\/\/www.benessereviaggi.it\/blog\/wp-json\/wp\/v2\/tags?post=6390"}],"curies":[{"name":"wp","href":"https:\/\/api.w.org\/{rel}","templated":true}]}}