{"id":7566,"date":"2017-10-09T09:50:58","date_gmt":"2017-10-09T08:50:58","guid":{"rendered":"https:\/\/blog.benessereviaggi.it\/?p=7566"},"modified":"2018-03-14T11:43:24","modified_gmt":"2018-03-14T10:43:24","slug":"lattivita-fisica-ideale-combattere-la-depressione","status":"publish","type":"post","link":"https:\/\/www.benessereviaggi.it\/blog\/lattivita-fisica-ideale-combattere-la-depressione\/7566\/","title":{"rendered":"L\u2019attivit\u00e0 fisica \u00e8 ideale per combattere la depressione"},"content":{"rendered":"<p>La frenesia del nostro tempo, il cambiamento di valori, la pubblicit\u00e0 martellante ci porta in generale ad uno stato di inadeguatezza che spesso sfocia nella <strong>depressione,<\/strong> una patologia purtroppo molto diffusa nella societ\u00e0 occidentale.<\/p>\n<p>Tra i tanti metodi utilizzati per sconfiggere la depressione una nuova ricerca sostiene che un\u2019ora di <a href=\"https:\/\/www.benessereviaggi.it\/blog\/20-minuti-attivita-fisica-al-giorno-ti-trasformeranno-incredibilmente\/5685\/\"><strong>attivit\u00e0 fisica<\/strong><\/a> alla settimana pu\u00f2 migliorare il nostro umore. Lo studio, pubblicato sull\u2019<em>American Journal of Psychiatry<\/em>, afferma che un po\u2019 di attivit\u00e0 fisica aumenta la frequenza cardiaca, caratteristica che risulta un vero<strong> toccasana per il nostro cervello<\/strong>, con la conseguenza di migliorare l\u2019umore. In generale meglio l\u2019esercizio aerobico: secondo gli studiosi del Black Dog Institute infatti questo \u00e8 ottimo anche se praticato per un\u2019ora alla settimana, senza esagerare dunque.<\/p>\n<p>C\u2019\u00e8 una stretta correlazione tra <strong>salute mentale<\/strong> ed <strong>esercizio fisico:<\/strong> il team di ricercatori ha analizzato un campione di 34mila persone adulte per 11 anni consecutivi osservando la frequenza della loro attivit\u00e0 fisica e il loro stato di salute mentale. Dai risultati \u00e8 emerso che con un\u2019ora di esercizio a settimana si riuscivano a contrastare segni di <a href=\"https:\/\/www.benessereviaggi.it\/blog\/ansia-allontana-cosi-i-cattivi-pensieri\/7247\/\"><strong>ansia<\/strong><\/a> e depressione: chi praticava attivit\u00e0 fisica era meno incline a sviluppare sintomi depressivi. Come ha affermato Samuel Harvey, a capo del team, chi non ha praticato alcun esercizio fisico aveva il 44% di probabilit\u00e0 in pi\u00f9 di soffrire di problemi come la depressione, indipendentemente da et\u00e0 e sesso: \u201c<em>Eravamo gi\u00e0 a conoscenza che l\u2019esercizio fisico gioca un ruolo importante nel trattare i sintomi della depressione. Ma \u00e8 la prima volta che siamo in grado di quantificare il potenziale preventivo dello sport. Questi risultati sono emozionanti perch\u00e9 dimostrano che relativamente piccole quantit\u00e0 di esercizio, da un\u2019ora alla settimana, possono offrire una protezione significativa contro la depressione<\/em>\u201d.<\/p>\n","protected":false},"excerpt":{"rendered":"<p>La frenesia del nostro tempo, il cambiamento di valori, la pubblicit\u00e0 martellante ci porta in generale ad uno stato di inadeguatezza che spesso sfocia nella depressione, una patologia purtroppo molto diffusa nella societ\u00e0 occidentale. Tra i tanti metodi utilizzati per sconfiggere la depressione una nuova ricerca sostiene che un\u2019ora di attivit\u00e0 fisica alla settimana pu\u00f2 [&hellip;]<\/p>\n","protected":false},"author":76,"featured_media":7567,"comment_status":"open","ping_status":"open","sticky":false,"template":"","format":"standard","meta":[],"categories":[37],"tags":[],"yoast_head":"<!-- This site is optimized with the Yoast SEO plugin v20.7 - https:\/\/yoast.com\/wordpress\/plugins\/seo\/ -->\n<title>L\u2019attivit\u00e0 fisica \u00e8 ideale per combattere la depressione<\/title>\n<meta name=\"description\" content=\"Una nuova ricerca afferma che grazie ad almeno un&#039;ora di attivit\u00e0 fisica alla settimana si possono combattere i sintomi depressivi.\" \/>\n<meta name=\"robots\" content=\"index, follow, max-snippet:-1, max-image-preview:large, max-video-preview:-1\" \/>\n<link rel=\"canonical\" href=\"https:\/\/www.benessereviaggi.it\/blog\/lattivita-fisica-ideale-combattere-la-depressione\/7566\/\" \/>\n<meta property=\"og:locale\" content=\"it_IT\" \/>\n<meta property=\"og:type\" content=\"article\" \/>\n<meta property=\"og:title\" content=\"L\u2019attivit\u00e0 fisica \u00e8 ideale per combattere la depressione\" \/>\n<meta property=\"og:description\" content=\"Una nuova ricerca afferma che grazie ad almeno un&#039;ora di attivit\u00e0 fisica alla settimana si possono combattere i sintomi depressivi.\" \/>\n<meta property=\"og:url\" content=\"https:\/\/www.benessereviaggi.it\/blog\/lattivita-fisica-ideale-combattere-la-depressione\/7566\/\" \/>\n<meta property=\"og:site_name\" content=\"BenessereViaggi Blog\" \/>\n<meta property=\"article:publisher\" content=\"https:\/\/www.facebook.com\/benessereviaggi.it\" \/>\n<meta property=\"article:published_time\" content=\"2017-10-09T08:50:58+00:00\" \/>\n<meta property=\"article:modified_time\" content=\"2018-03-14T10:43:24+00:00\" \/>\n<meta property=\"og:image\" content=\"https:\/\/www.benessereviaggi.it\/blog\/wp-content\/uploads\/2017\/10\/depressione.jpg\" \/>\n\t<meta property=\"og:image:width\" content=\"960\" \/>\n\t<meta property=\"og:image:height\" content=\"635\" \/>\n\t<meta property=\"og:image:type\" content=\"image\/jpeg\" \/>\n<meta name=\"author\" content=\"Simone Di Sabatino\" \/>\n<meta name=\"twitter:card\" content=\"summary_large_image\" \/>\n<meta name=\"twitter:creator\" content=\"@viaggibenessere\" \/>\n<meta name=\"twitter:site\" content=\"@viaggibenessere\" \/>\n<meta name=\"twitter:label1\" content=\"Scritto da\" \/>\n\t<meta name=\"twitter:data1\" content=\"Simone Di Sabatino\" \/>\n\t<meta name=\"twitter:label2\" content=\"Tempo di lettura stimato\" \/>\n\t<meta name=\"twitter:data2\" content=\"1 minuto\" \/>\n<script type=\"application\/ld+json\" class=\"yoast-schema-graph\">{\"@context\":\"https:\/\/schema.org\",\"@graph\":[{\"@type\":\"WebPage\",\"@id\":\"https:\/\/www.benessereviaggi.it\/blog\/lattivita-fisica-ideale-combattere-la-depressione\/7566\/\",\"url\":\"https:\/\/www.benessereviaggi.it\/blog\/lattivita-fisica-ideale-combattere-la-depressione\/7566\/\",\"name\":\"L\u2019attivit\u00e0 fisica \u00e8 ideale per combattere la depressione\",\"isPartOf\":{\"@id\":\"https:\/\/www.benessereviaggi.it\/blog\/#website\"},\"datePublished\":\"2017-10-09T08:50:58+00:00\",\"dateModified\":\"2018-03-14T10:43:24+00:00\",\"author\":{\"@id\":\"https:\/\/www.benessereviaggi.it\/blog\/#\/schema\/person\/e58e53704c1ed5162d1c6d2e344c1cba\"},\"description\":\"Una nuova ricerca afferma che grazie ad almeno un'ora di attivit\u00e0 fisica alla settimana si possono combattere i sintomi depressivi.\",\"breadcrumb\":{\"@id\":\"https:\/\/www.benessereviaggi.it\/blog\/lattivita-fisica-ideale-combattere-la-depressione\/7566\/#breadcrumb\"},\"inLanguage\":\"it-IT\",\"potentialAction\":[{\"@type\":\"ReadAction\",\"target\":[\"https:\/\/www.benessereviaggi.it\/blog\/lattivita-fisica-ideale-combattere-la-depressione\/7566\/\"]}]},{\"@type\":\"BreadcrumbList\",\"@id\":\"https:\/\/www.benessereviaggi.it\/blog\/lattivita-fisica-ideale-combattere-la-depressione\/7566\/#breadcrumb\",\"itemListElement\":[{\"@type\":\"ListItem\",\"position\":1,\"name\":\"Home\",\"item\":\"https:\/\/www.benessereviaggi.it\/blog\/\"},{\"@type\":\"ListItem\",\"position\":2,\"name\":\"L\u2019attivit\u00e0 fisica \u00e8 ideale per combattere la depressione\"}]},{\"@type\":\"WebSite\",\"@id\":\"https:\/\/www.benessereviaggi.it\/blog\/#website\",\"url\":\"https:\/\/www.benessereviaggi.it\/blog\/\",\"name\":\"BenessereViaggi Blog\",\"description\":\"\",\"potentialAction\":[{\"@type\":\"SearchAction\",\"target\":{\"@type\":\"EntryPoint\",\"urlTemplate\":\"https:\/\/www.benessereviaggi.it\/blog\/?s={search_term_string}\"},\"query-input\":\"required name=search_term_string\"}],\"inLanguage\":\"it-IT\"},{\"@type\":\"Person\",\"@id\":\"https:\/\/www.benessereviaggi.it\/blog\/#\/schema\/person\/e58e53704c1ed5162d1c6d2e344c1cba\",\"name\":\"Simone Di Sabatino\",\"image\":{\"@type\":\"ImageObject\",\"inLanguage\":\"it-IT\",\"@id\":\"https:\/\/www.benessereviaggi.it\/blog\/#\/schema\/person\/image\/\",\"url\":\"https:\/\/secure.gravatar.com\/avatar\/57dbb37fc9b2a0d777517b916e1c0fad?s=96&d=mm&r=g\",\"contentUrl\":\"https:\/\/secure.gravatar.com\/avatar\/57dbb37fc9b2a0d777517b916e1c0fad?s=96&d=mm&r=g\",\"caption\":\"Simone Di Sabatino\"},\"url\":\"https:\/\/www.benessereviaggi.it\/blog\/author\/simone-di-sabatino\/\"}]}<\/script>\n<!-- \/ Yoast SEO plugin. -->","yoast_head_json":{"title":"L\u2019attivit\u00e0 fisica \u00e8 ideale per combattere la depressione","description":"Una nuova ricerca afferma che grazie ad almeno un'ora di attivit\u00e0 fisica alla settimana si possono combattere i sintomi depressivi.","robots":{"index":"index","follow":"follow","max-snippet":"max-snippet:-1","max-image-preview":"max-image-preview:large","max-video-preview":"max-video-preview:-1"},"canonical":"https:\/\/www.benessereviaggi.it\/blog\/lattivita-fisica-ideale-combattere-la-depressione\/7566\/","og_locale":"it_IT","og_type":"article","og_title":"L\u2019attivit\u00e0 fisica \u00e8 ideale per combattere la depressione","og_description":"Una nuova ricerca afferma che grazie ad almeno un'ora di attivit\u00e0 fisica alla settimana si possono combattere i sintomi depressivi.","og_url":"https:\/\/www.benessereviaggi.it\/blog\/lattivita-fisica-ideale-combattere-la-depressione\/7566\/","og_site_name":"BenessereViaggi Blog","article_publisher":"https:\/\/www.facebook.com\/benessereviaggi.it","article_published_time":"2017-10-09T08:50:58+00:00","article_modified_time":"2018-03-14T10:43:24+00:00","og_image":[{"width":960,"height":635,"url":"https:\/\/www.benessereviaggi.it\/blog\/wp-content\/uploads\/2017\/10\/depressione.jpg","type":"image\/jpeg"}],"author":"Simone Di Sabatino","twitter_card":"summary_large_image","twitter_creator":"@viaggibenessere","twitter_site":"@viaggibenessere","twitter_misc":{"Scritto da":"Simone Di Sabatino","Tempo di lettura stimato":"1 minuto"},"schema":{"@context":"https:\/\/schema.org","@graph":[{"@type":"WebPage","@id":"https:\/\/www.benessereviaggi.it\/blog\/lattivita-fisica-ideale-combattere-la-depressione\/7566\/","url":"https:\/\/www.benessereviaggi.it\/blog\/lattivita-fisica-ideale-combattere-la-depressione\/7566\/","name":"L\u2019attivit\u00e0 fisica \u00e8 ideale per combattere la depressione","isPartOf":{"@id":"https:\/\/www.benessereviaggi.it\/blog\/#website"},"datePublished":"2017-10-09T08:50:58+00:00","dateModified":"2018-03-14T10:43:24+00:00","author":{"@id":"https:\/\/www.benessereviaggi.it\/blog\/#\/schema\/person\/e58e53704c1ed5162d1c6d2e344c1cba"},"description":"Una nuova ricerca afferma che grazie ad almeno un'ora di attivit\u00e0 fisica alla settimana si possono combattere i sintomi depressivi.","breadcrumb":{"@id":"https:\/\/www.benessereviaggi.it\/blog\/lattivita-fisica-ideale-combattere-la-depressione\/7566\/#breadcrumb"},"inLanguage":"it-IT","potentialAction":[{"@type":"ReadAction","target":["https:\/\/www.benessereviaggi.it\/blog\/lattivita-fisica-ideale-combattere-la-depressione\/7566\/"]}]},{"@type":"BreadcrumbList","@id":"https:\/\/www.benessereviaggi.it\/blog\/lattivita-fisica-ideale-combattere-la-depressione\/7566\/#breadcrumb","itemListElement":[{"@type":"ListItem","position":1,"name":"Home","item":"https:\/\/www.benessereviaggi.it\/blog\/"},{"@type":"ListItem","position":2,"name":"L\u2019attivit\u00e0 fisica \u00e8 ideale per combattere la depressione"}]},{"@type":"WebSite","@id":"https:\/\/www.benessereviaggi.it\/blog\/#website","url":"https:\/\/www.benessereviaggi.it\/blog\/","name":"BenessereViaggi Blog","description":"","potentialAction":[{"@type":"SearchAction","target":{"@type":"EntryPoint","urlTemplate":"https:\/\/www.benessereviaggi.it\/blog\/?s={search_term_string}"},"query-input":"required name=search_term_string"}],"inLanguage":"it-IT"},{"@type":"Person","@id":"https:\/\/www.benessereviaggi.it\/blog\/#\/schema\/person\/e58e53704c1ed5162d1c6d2e344c1cba","name":"Simone Di Sabatino","image":{"@type":"ImageObject","inLanguage":"it-IT","@id":"https:\/\/www.benessereviaggi.it\/blog\/#\/schema\/person\/image\/","url":"https:\/\/secure.gravatar.com\/avatar\/57dbb37fc9b2a0d777517b916e1c0fad?s=96&d=mm&r=g","contentUrl":"https:\/\/secure.gravatar.com\/avatar\/57dbb37fc9b2a0d777517b916e1c0fad?s=96&d=mm&r=g","caption":"Simone Di Sabatino"},"url":"https:\/\/www.benessereviaggi.it\/blog\/author\/simone-di-sabatino\/"}]}},"_links":{"self":[{"href":"https:\/\/www.benessereviaggi.it\/blog\/wp-json\/wp\/v2\/posts\/7566"}],"collection":[{"href":"https:\/\/www.benessereviaggi.it\/blog\/wp-json\/wp\/v2\/posts"}],"about":[{"href":"https:\/\/www.benessereviaggi.it\/blog\/wp-json\/wp\/v2\/types\/post"}],"author":[{"embeddable":true,"href":"https:\/\/www.benessereviaggi.it\/blog\/wp-json\/wp\/v2\/users\/76"}],"replies":[{"embeddable":true,"href":"https:\/\/www.benessereviaggi.it\/blog\/wp-json\/wp\/v2\/comments?post=7566"}],"version-history":[{"count":1,"href":"https:\/\/www.benessereviaggi.it\/blog\/wp-json\/wp\/v2\/posts\/7566\/revisions"}],"predecessor-version":[{"id":8151,"href":"https:\/\/www.benessereviaggi.it\/blog\/wp-json\/wp\/v2\/posts\/7566\/revisions\/8151"}],"wp:featuredmedia":[{"embeddable":true,"href":"https:\/\/www.benessereviaggi.it\/blog\/wp-json\/wp\/v2\/media\/7567"}],"wp:attachment":[{"href":"https:\/\/www.benessereviaggi.it\/blog\/wp-json\/wp\/v2\/media?parent=7566"}],"wp:term":[{"taxonomy":"category","embeddable":true,"href":"https:\/\/www.benessereviaggi.it\/blog\/wp-json\/wp\/v2\/categories?post=7566"},{"taxonomy":"post_tag","embeddable":true,"href":"https:\/\/www.benessereviaggi.it\/blog\/wp-json\/wp\/v2\/tags?post=7566"}],"curies":[{"name":"wp","href":"https:\/\/api.w.org\/{rel}","templated":true}]}}