{"id":7867,"date":"2018-02-22T10:02:25","date_gmt":"2018-02-22T09:02:25","guid":{"rendered":"https:\/\/blog.benessereviaggi.it\/?p=7867"},"modified":"2018-03-14T11:34:46","modified_gmt":"2018-03-14T10:34:46","slug":"tokyo-verra-costruito-un-grattacielo-pieno-piante-alberi","status":"publish","type":"post","link":"https:\/\/www.benessereviaggi.it\/blog\/tokyo-verra-costruito-un-grattacielo-pieno-piante-alberi\/7867\/","title":{"rendered":"A Tokyo verr\u00e0 costruito un grattacielo pieno di piante e alberi"},"content":{"rendered":"<h1>Si tratta di un bosco verticale che sar\u00e0 alto 350 metri e interamente costruito in legno.<\/h1>\n<p>Dopo il <strong>Bosco verticale<\/strong> di Milano anche la Cina e la Svizzera si stanno dotando di speciali grattacieli \u201cverdi\u201d. Ora \u00e8 la volta anche del <strong>Giappone:<\/strong> nel Paese del Sol Levante infatti sorger\u00e0 il W350, un grattacielo di legno alto 350 metri che sar\u00e0 pieno zeppo di <strong>alberi<\/strong> e <strong>piante.<\/strong> Si tratter\u00e0 del pi\u00f9 alto grattacielo in legno mai costruito al mondo.<\/p>\n<p>Il <strong>W350<\/strong> avr\u00e0 70 piani, sar\u00e0 completamente <strong>antisismico<\/strong> e coprir\u00e0 un\u2019area di 455mila metri quadrati. Ad occuparsi della progettazione e dello sviluppo dell\u2019opera \u00e8 la Sumitomo Forestry, azienda giapponese di prodotti in legno. La compagnia, per la costruzione del grattacielo, prevede di utilizzare acciaio solo per il 10% mentre saranno necessari circa 185mila metri cubi di legnami per completare l\u2019intera struttura. La fine dei lavori \u00e8 prevista per il 2041 in occasione del 350\u00b0 anniversario della societ\u00e0.<\/p>\n<p>Su tutti i balconi, posti in ogni lato del grattacielo, sono previsti alberi e piante che filtreranno la luce del sole, proprio come il Bosco verticale di Stefano Boeri a Milano. L\u2019opera \u00e8 stata pensata dopo che nel 2010 una legge giapponese obbliga le ditte di costruzioni ad utilizzare materiale organico per tutti gli edifici pubblici pi\u00f9 alti di tre piani.<\/p>\n<p>Il W350 coster\u00e0 circa 600 miliardi di yen, ovvero <strong>4,5 miliardi di euro<\/strong>: una cifra molto alta proprio per la sua peculiarit\u00e0 di essere costruito quasi interamente in legno. Un grattacielo della stessa stazza fatto con altri materiali costerebbe la met\u00e0, per tale ragione sono arrivate puntuali le <strong>polemiche.<\/strong>\u00a0 Molti non sono d\u2019accordo con la costruzione del grattacielo di legno sia per\u00a0 i costi troppo alti che per il rischio deforestazione.<\/p>\n<p>Photo credit: 2.0 Generic CC by Josef Grunig<\/p>\n<h2><span class=\"cc-license-identifier\">\u00a0<\/span><\/h2>\n","protected":false},"excerpt":{"rendered":"<p>Si tratta di un bosco verticale che sar\u00e0 alto 350 metri e interamente costruito in legno. Dopo il Bosco verticale di Milano anche la Cina e la Svizzera si stanno dotando di speciali grattacieli \u201cverdi\u201d. Ora \u00e8 la volta anche del Giappone: nel Paese del Sol Levante infatti sorger\u00e0 il W350, un grattacielo di legno [&hellip;]<\/p>\n","protected":false},"author":76,"featured_media":7868,"comment_status":"open","ping_status":"open","sticky":false,"template":"","format":"standard","meta":[],"categories":[1],"tags":[],"yoast_head":"<!-- This site is optimized with the Yoast SEO plugin v20.7 - https:\/\/yoast.com\/wordpress\/plugins\/seo\/ -->\n<title>A Tokyo verr\u00e0 costruito un grattacielo pieno di piante e alberi<\/title>\n<meta name=\"description\" content=\"Il pi\u00f9 alto grattacielo mai costruito in legno vedr\u00e0 la luce in Giappone nel 2041. Sar\u00e0 interamente ricoperto di alberi e piante, proprio come il Bosco verticale di Stefano Boeri a Milano.\" \/>\n<meta name=\"robots\" content=\"index, follow, max-snippet:-1, max-image-preview:large, max-video-preview:-1\" \/>\n<link rel=\"canonical\" href=\"https:\/\/www.benessereviaggi.it\/blog\/tokyo-verra-costruito-un-grattacielo-pieno-piante-alberi\/7867\/\" \/>\n<meta property=\"og:locale\" content=\"it_IT\" \/>\n<meta property=\"og:type\" content=\"article\" \/>\n<meta property=\"og:title\" content=\"A Tokyo verr\u00e0 costruito un grattacielo pieno di piante e alberi\" \/>\n<meta property=\"og:description\" content=\"Il pi\u00f9 alto grattacielo mai costruito in legno vedr\u00e0 la luce in Giappone nel 2041. Sar\u00e0 interamente ricoperto di alberi e piante, proprio come il Bosco verticale di Stefano Boeri a Milano.\" \/>\n<meta property=\"og:url\" content=\"https:\/\/www.benessereviaggi.it\/blog\/tokyo-verra-costruito-un-grattacielo-pieno-piante-alberi\/7867\/\" \/>\n<meta property=\"og:site_name\" content=\"BenessereViaggi Blog\" \/>\n<meta property=\"article:publisher\" content=\"https:\/\/www.facebook.com\/benessereviaggi.it\" \/>\n<meta property=\"article:published_time\" content=\"2018-02-22T09:02:25+00:00\" \/>\n<meta property=\"article:modified_time\" content=\"2018-03-14T10:34:46+00:00\" \/>\n<meta property=\"og:image\" content=\"https:\/\/www.benessereviaggi.it\/blog\/wp-content\/uploads\/2018\/02\/21011188998_73b6d11c3d_k.jpg\" \/>\n\t<meta property=\"og:image:width\" content=\"2048\" \/>\n\t<meta property=\"og:image:height\" content=\"1152\" \/>\n\t<meta property=\"og:image:type\" content=\"image\/jpeg\" \/>\n<meta name=\"author\" content=\"Simone Di Sabatino\" \/>\n<meta name=\"twitter:card\" content=\"summary_large_image\" \/>\n<meta name=\"twitter:creator\" content=\"@viaggibenessere\" \/>\n<meta name=\"twitter:site\" content=\"@viaggibenessere\" \/>\n<meta name=\"twitter:label1\" content=\"Scritto da\" \/>\n\t<meta name=\"twitter:data1\" content=\"Simone Di Sabatino\" \/>\n\t<meta name=\"twitter:label2\" content=\"Tempo di lettura stimato\" \/>\n\t<meta name=\"twitter:data2\" content=\"1 minuto\" \/>\n<script type=\"application\/ld+json\" class=\"yoast-schema-graph\">{\"@context\":\"https:\/\/schema.org\",\"@graph\":[{\"@type\":\"WebPage\",\"@id\":\"https:\/\/www.benessereviaggi.it\/blog\/tokyo-verra-costruito-un-grattacielo-pieno-piante-alberi\/7867\/\",\"url\":\"https:\/\/www.benessereviaggi.it\/blog\/tokyo-verra-costruito-un-grattacielo-pieno-piante-alberi\/7867\/\",\"name\":\"A Tokyo verr\u00e0 costruito un grattacielo pieno di piante e alberi\",\"isPartOf\":{\"@id\":\"https:\/\/www.benessereviaggi.it\/blog\/#website\"},\"datePublished\":\"2018-02-22T09:02:25+00:00\",\"dateModified\":\"2018-03-14T10:34:46+00:00\",\"author\":{\"@id\":\"https:\/\/www.benessereviaggi.it\/blog\/#\/schema\/person\/e58e53704c1ed5162d1c6d2e344c1cba\"},\"description\":\"Il pi\u00f9 alto grattacielo mai costruito in legno vedr\u00e0 la luce in Giappone nel 2041. Sar\u00e0 interamente ricoperto di alberi e piante, proprio come il Bosco verticale di Stefano Boeri a Milano.\",\"breadcrumb\":{\"@id\":\"https:\/\/www.benessereviaggi.it\/blog\/tokyo-verra-costruito-un-grattacielo-pieno-piante-alberi\/7867\/#breadcrumb\"},\"inLanguage\":\"it-IT\",\"potentialAction\":[{\"@type\":\"ReadAction\",\"target\":[\"https:\/\/www.benessereviaggi.it\/blog\/tokyo-verra-costruito-un-grattacielo-pieno-piante-alberi\/7867\/\"]}]},{\"@type\":\"BreadcrumbList\",\"@id\":\"https:\/\/www.benessereviaggi.it\/blog\/tokyo-verra-costruito-un-grattacielo-pieno-piante-alberi\/7867\/#breadcrumb\",\"itemListElement\":[{\"@type\":\"ListItem\",\"position\":1,\"name\":\"Home\",\"item\":\"https:\/\/www.benessereviaggi.it\/blog\/\"},{\"@type\":\"ListItem\",\"position\":2,\"name\":\"A Tokyo verr\u00e0 costruito un grattacielo pieno di piante e alberi\"}]},{\"@type\":\"WebSite\",\"@id\":\"https:\/\/www.benessereviaggi.it\/blog\/#website\",\"url\":\"https:\/\/www.benessereviaggi.it\/blog\/\",\"name\":\"BenessereViaggi Blog\",\"description\":\"\",\"potentialAction\":[{\"@type\":\"SearchAction\",\"target\":{\"@type\":\"EntryPoint\",\"urlTemplate\":\"https:\/\/www.benessereviaggi.it\/blog\/?s={search_term_string}\"},\"query-input\":\"required name=search_term_string\"}],\"inLanguage\":\"it-IT\"},{\"@type\":\"Person\",\"@id\":\"https:\/\/www.benessereviaggi.it\/blog\/#\/schema\/person\/e58e53704c1ed5162d1c6d2e344c1cba\",\"name\":\"Simone Di Sabatino\",\"image\":{\"@type\":\"ImageObject\",\"inLanguage\":\"it-IT\",\"@id\":\"https:\/\/www.benessereviaggi.it\/blog\/#\/schema\/person\/image\/\",\"url\":\"https:\/\/secure.gravatar.com\/avatar\/57dbb37fc9b2a0d777517b916e1c0fad?s=96&d=mm&r=g\",\"contentUrl\":\"https:\/\/secure.gravatar.com\/avatar\/57dbb37fc9b2a0d777517b916e1c0fad?s=96&d=mm&r=g\",\"caption\":\"Simone Di Sabatino\"},\"url\":\"https:\/\/www.benessereviaggi.it\/blog\/author\/simone-di-sabatino\/\"}]}<\/script>\n<!-- \/ Yoast SEO plugin. -->","yoast_head_json":{"title":"A Tokyo verr\u00e0 costruito un grattacielo pieno di piante e alberi","description":"Il pi\u00f9 alto grattacielo mai costruito in legno vedr\u00e0 la luce in Giappone nel 2041. Sar\u00e0 interamente ricoperto di alberi e piante, proprio come il Bosco verticale di Stefano Boeri a Milano.","robots":{"index":"index","follow":"follow","max-snippet":"max-snippet:-1","max-image-preview":"max-image-preview:large","max-video-preview":"max-video-preview:-1"},"canonical":"https:\/\/www.benessereviaggi.it\/blog\/tokyo-verra-costruito-un-grattacielo-pieno-piante-alberi\/7867\/","og_locale":"it_IT","og_type":"article","og_title":"A Tokyo verr\u00e0 costruito un grattacielo pieno di piante e alberi","og_description":"Il pi\u00f9 alto grattacielo mai costruito in legno vedr\u00e0 la luce in Giappone nel 2041. Sar\u00e0 interamente ricoperto di alberi e piante, proprio come il Bosco verticale di Stefano Boeri a Milano.","og_url":"https:\/\/www.benessereviaggi.it\/blog\/tokyo-verra-costruito-un-grattacielo-pieno-piante-alberi\/7867\/","og_site_name":"BenessereViaggi Blog","article_publisher":"https:\/\/www.facebook.com\/benessereviaggi.it","article_published_time":"2018-02-22T09:02:25+00:00","article_modified_time":"2018-03-14T10:34:46+00:00","og_image":[{"width":2048,"height":1152,"url":"https:\/\/www.benessereviaggi.it\/blog\/wp-content\/uploads\/2018\/02\/21011188998_73b6d11c3d_k.jpg","type":"image\/jpeg"}],"author":"Simone Di Sabatino","twitter_card":"summary_large_image","twitter_creator":"@viaggibenessere","twitter_site":"@viaggibenessere","twitter_misc":{"Scritto da":"Simone Di Sabatino","Tempo di lettura stimato":"1 minuto"},"schema":{"@context":"https:\/\/schema.org","@graph":[{"@type":"WebPage","@id":"https:\/\/www.benessereviaggi.it\/blog\/tokyo-verra-costruito-un-grattacielo-pieno-piante-alberi\/7867\/","url":"https:\/\/www.benessereviaggi.it\/blog\/tokyo-verra-costruito-un-grattacielo-pieno-piante-alberi\/7867\/","name":"A Tokyo verr\u00e0 costruito un grattacielo pieno di piante e alberi","isPartOf":{"@id":"https:\/\/www.benessereviaggi.it\/blog\/#website"},"datePublished":"2018-02-22T09:02:25+00:00","dateModified":"2018-03-14T10:34:46+00:00","author":{"@id":"https:\/\/www.benessereviaggi.it\/blog\/#\/schema\/person\/e58e53704c1ed5162d1c6d2e344c1cba"},"description":"Il pi\u00f9 alto grattacielo mai costruito in legno vedr\u00e0 la luce in Giappone nel 2041. Sar\u00e0 interamente ricoperto di alberi e piante, proprio come il Bosco verticale di Stefano Boeri a Milano.","breadcrumb":{"@id":"https:\/\/www.benessereviaggi.it\/blog\/tokyo-verra-costruito-un-grattacielo-pieno-piante-alberi\/7867\/#breadcrumb"},"inLanguage":"it-IT","potentialAction":[{"@type":"ReadAction","target":["https:\/\/www.benessereviaggi.it\/blog\/tokyo-verra-costruito-un-grattacielo-pieno-piante-alberi\/7867\/"]}]},{"@type":"BreadcrumbList","@id":"https:\/\/www.benessereviaggi.it\/blog\/tokyo-verra-costruito-un-grattacielo-pieno-piante-alberi\/7867\/#breadcrumb","itemListElement":[{"@type":"ListItem","position":1,"name":"Home","item":"https:\/\/www.benessereviaggi.it\/blog\/"},{"@type":"ListItem","position":2,"name":"A Tokyo verr\u00e0 costruito un grattacielo pieno di piante e alberi"}]},{"@type":"WebSite","@id":"https:\/\/www.benessereviaggi.it\/blog\/#website","url":"https:\/\/www.benessereviaggi.it\/blog\/","name":"BenessereViaggi Blog","description":"","potentialAction":[{"@type":"SearchAction","target":{"@type":"EntryPoint","urlTemplate":"https:\/\/www.benessereviaggi.it\/blog\/?s={search_term_string}"},"query-input":"required name=search_term_string"}],"inLanguage":"it-IT"},{"@type":"Person","@id":"https:\/\/www.benessereviaggi.it\/blog\/#\/schema\/person\/e58e53704c1ed5162d1c6d2e344c1cba","name":"Simone Di Sabatino","image":{"@type":"ImageObject","inLanguage":"it-IT","@id":"https:\/\/www.benessereviaggi.it\/blog\/#\/schema\/person\/image\/","url":"https:\/\/secure.gravatar.com\/avatar\/57dbb37fc9b2a0d777517b916e1c0fad?s=96&d=mm&r=g","contentUrl":"https:\/\/secure.gravatar.com\/avatar\/57dbb37fc9b2a0d777517b916e1c0fad?s=96&d=mm&r=g","caption":"Simone Di Sabatino"},"url":"https:\/\/www.benessereviaggi.it\/blog\/author\/simone-di-sabatino\/"}]}},"_links":{"self":[{"href":"https:\/\/www.benessereviaggi.it\/blog\/wp-json\/wp\/v2\/posts\/7867"}],"collection":[{"href":"https:\/\/www.benessereviaggi.it\/blog\/wp-json\/wp\/v2\/posts"}],"about":[{"href":"https:\/\/www.benessereviaggi.it\/blog\/wp-json\/wp\/v2\/types\/post"}],"author":[{"embeddable":true,"href":"https:\/\/www.benessereviaggi.it\/blog\/wp-json\/wp\/v2\/users\/76"}],"replies":[{"embeddable":true,"href":"https:\/\/www.benessereviaggi.it\/blog\/wp-json\/wp\/v2\/comments?post=7867"}],"version-history":[{"count":2,"href":"https:\/\/www.benessereviaggi.it\/blog\/wp-json\/wp\/v2\/posts\/7867\/revisions"}],"predecessor-version":[{"id":7870,"href":"https:\/\/www.benessereviaggi.it\/blog\/wp-json\/wp\/v2\/posts\/7867\/revisions\/7870"}],"wp:featuredmedia":[{"embeddable":true,"href":"https:\/\/www.benessereviaggi.it\/blog\/wp-json\/wp\/v2\/media\/7868"}],"wp:attachment":[{"href":"https:\/\/www.benessereviaggi.it\/blog\/wp-json\/wp\/v2\/media?parent=7867"}],"wp:term":[{"taxonomy":"category","embeddable":true,"href":"https:\/\/www.benessereviaggi.it\/blog\/wp-json\/wp\/v2\/categories?post=7867"},{"taxonomy":"post_tag","embeddable":true,"href":"https:\/\/www.benessereviaggi.it\/blog\/wp-json\/wp\/v2\/tags?post=7867"}],"curies":[{"name":"wp","href":"https:\/\/api.w.org\/{rel}","templated":true}]}}